{"id":52608,"date":"2015-02-13T18:33:41","date_gmt":"2015-02-13T21:33:41","guid":{"rendered":"http:\/\/aconteceunovale.com.br\/portal\/?p=52608"},"modified":"2015-02-13T18:33:41","modified_gmt":"2015-02-13T21:33:41","slug":"cemig-promove-serie-de-eventos-no-vale-do-jequitinhonha","status":"publish","type":"post","link":"https:\/\/aconteceunovale.com.br\/portal\/?p=52608","title":{"rendered":"Cemig promove s\u00e9rie de eventos no Vale do Jequitinhonha"},"content":{"rendered":"<h4><em><strong>Capelinha, Turmalina, Carbonita e Minas Novas receberam eventos realizados pela Cemig.<\/strong><\/em><\/h4>\n<p>Com intuito de aproximar cada vez mais de seus clientes, a Cemig realizou uma s\u00e9rie de eventos envolvendo seus consumidores do Vale do Jequitinhonha, nas cidades de Capelinha, Turmalina, Carbonita e Minas Novas, nas \u00faltimas semanas.<\/p>\n<p>Para as crian\u00e7as, a Empresa levou \u00e0s escolas p\u00fablicas o Projeto \u201cTeatro de Luz\u201d, com apresenta\u00e7\u00e3o da pe\u00e7a \u201cCacau e Cebola&#8230; Uma ideia iluminada\u201d. Cerca de  mil alunos assistiram ao espet\u00e1culo que alerta os mais jovens consumidores da Cemig para a import\u00e2ncia de se evitar o abuso no consumo dos bens naturais e os acidentes provocados pelo mau uso da energia el\u00e9trica. Tudo de uma maneira bem l\u00fadica e divertida.<\/p>\n<p>As donas de casa da regi\u00e3o receberam o evento \u201cCaf\u00e9 com a Cemig&#8221;, encontros realizados a fim de esclarecer d\u00favidas sobre a utiliza\u00e7\u00e3o de energia el\u00e9trica, divulgar dicas de como economizar energia, falar sobre os novos canais de atendimento da Empresa, al\u00e9m de saber mais sobre os investimentos da Cemig na regi\u00e3o. Durante a reuni\u00e3o, h\u00e1 espa\u00e7o tamb\u00e9m para os participantes fazerem reclama\u00e7\u00f5es, elogios e sugest\u00f5es \u00e0 Empresa.<\/p>\n<p>A Cemig levou ainda para a popula\u00e7\u00e3o das cidades de Carbonita, Turmalina e Minas Novas sua Unidade M\u00f3vel Efici\u00eancia Energ\u00e9tica. Uma das atra\u00e7\u00f5es do ve\u00edculo \u00e9 o prot\u00f3tipo de aquecedor solar, equipamento que mostra como funciona o sistema de energia solar no  aquecimento de \u00e1gua. A unidade m\u00f3vel tamb\u00e9m conta com um painel de efici\u00eancia em ilumina\u00e7\u00e3o, em que \u00e9 poss\u00edvel observar o consumo de energia nos diferentes tipos de l\u00e2mpadas.<\/p>\n<p><img decoding=\"async\" src=\"http:\/\/aconteceunovale.com.br\/portal\/wp-content\/uploads\/2015\/02\/eventos_cemig_jequi_1.jpg\" alt=\"\" \/><em>Alunos de Turmalina come\u00e7aram o ano com as aventuras de Cacau e Cebola &#8211; Foto: Cemig\/Divulga\u00e7\u00e3o<\/em><br \/>\n<\/br><\/p>\n<p><img decoding=\"async\" src=\"http:\/\/aconteceunovale.com.br\/portal\/wp-content\/uploads\/2015\/02\/eventos_cemig_jequi_2.jpg\" alt=\"\" \/><em>Moradores de Carbonita recebem orienta\u00e7\u00f5es da Cemig &#8211; Foto: Cemig\/Divulga\u00e7\u00e3o<\/em><\/p>\n","protected":false},"excerpt":{"rendered":"<p>Capelinha, Turmalina, Carbonita e Minas Novas receberam eventos realizados pela Cemig. Com intuito de aproximar cada vez mais de seus clientes, a Cemig realizou uma s\u00e9rie de eventos envolvendo seus consumidores do Vale do Jequitinhonha, nas cidades de Capelinha, Turmalina, Carbonita e Minas Novas, nas \u00faltimas semanas. Para as crian\u00e7as, a Empresa levou \u00e0s escolas [&hellip;]<\/p>\n","protected":false},"author":1,"featured_media":52610,"comment_status":"open","ping_status":"closed","sticky":false,"template":"","format":"standard","meta":{"amp_status":"","footnotes":""},"categories":[120],"tags":[33465,33466,132,557,347,33463,33464,137,33467,178],"class_list":["post-52608","post","type-post","status-publish","format-standard","has-post-thumbnail","hentry","category-jequi","tag-alunos-de-turmalina-comecaram-o-ano-letivo-com-as-aventuras-de-cacau-e-cebola","tag-aventuras-de-cacau-e-cebola","tag-capelinha","tag-carbonita","tag-cemig","tag-cemig-promove-serie-de-eventos-no-vale-do-jequitinhonha","tag-eventos-cemig-no-vale-do-jequitinhonha","tag-minas-novas","tag-moradores-de-carbonita-ficaram-atentos-as-orientacoes-passadas-pela-cemig","tag-turmalina"],"_links":{"self":[{"href":"https:\/\/aconteceunovale.com.br\/portal\/index.php?rest_route=\/wp\/v2\/posts\/52608","targetHints":{"allow":["GET"]}}],"collection":[{"href":"https:\/\/aconteceunovale.com.br\/portal\/index.php?rest_route=\/wp\/v2\/posts"}],"about":[{"href":"https:\/\/aconteceunovale.com.br\/portal\/index.php?rest_route=\/wp\/v2\/types\/post"}],"author":[{"embeddable":true,"href":"https:\/\/aconteceunovale.com.br\/portal\/index.php?rest_route=\/wp\/v2\/users\/1"}],"replies":[{"embeddable":true,"href":"https:\/\/aconteceunovale.com.br\/portal\/index.php?rest_route=%2Fwp%2Fv2%2Fcomments&post=52608"}],"version-history":[{"count":0,"href":"https:\/\/aconteceunovale.com.br\/portal\/index.php?rest_route=\/wp\/v2\/posts\/52608\/revisions"}],"wp:featuredmedia":[{"embeddable":true,"href":"https:\/\/aconteceunovale.com.br\/portal\/index.php?rest_route=\/wp\/v2\/media\/52610"}],"wp:attachment":[{"href":"https:\/\/aconteceunovale.com.br\/portal\/index.php?rest_route=%2Fwp%2Fv2%2Fmedia&parent=52608"}],"wp:term":[{"taxonomy":"category","embeddable":true,"href":"https:\/\/aconteceunovale.com.br\/portal\/index.php?rest_route=%2Fwp%2Fv2%2Fcategories&post=52608"},{"taxonomy":"post_tag","embeddable":true,"href":"https:\/\/aconteceunovale.com.br\/portal\/index.php?rest_route=%2Fwp%2Fv2%2Ftags&post=52608"}],"curies":[{"name":"wp","href":"https:\/\/api.w.org\/{rel}","templated":true}]}}