{"id":52595,"date":"2015-02-13T10:48:12","date_gmt":"2015-02-13T13:48:12","guid":{"rendered":"http:\/\/aconteceunovale.com.br\/portal\/?p=52595"},"modified":"2015-02-13T10:48:12","modified_gmt":"2015-02-13T13:48:12","slug":"plantao-do-samu-no-norte-de-minas-gerais-12-de-fevereiro-de-2015","status":"publish","type":"post","link":"https:\/\/aconteceunovale.com.br\/portal\/?p=52595","title":{"rendered":"Plant\u00e3o do Samu no Norte de Minas Gerais &#8211; 12 de fevereiro de 2015"},"content":{"rendered":"<p><em><\/p>\n<h4><strong>Quinta-feira, 12 de fevereiro de 2015.<\/strong><\/h4>\n<p><\/em><\/p>\n<p>A unidade do SAMU de Montes Claros realizou na quinta-feira, 12 de fevereiro, 47 atendimentos, sendo 38 casos cl\u00ednicos e 7 ocorr\u00eancias de acidente de tr\u00e2nsito envolvendo motocicleta; uma queda de trator; uma colis\u00e3o entre dois caminh\u00f5es e um atropelamento por carro.<\/p>\n<p>E na madrugada desta sexta-feira, 13\/02, por volta das 2h, um homem de 26 anos ficou gravemente ferido ao colidir de carro contra um poste no bairro Carmelo, apresentando rebaixamento cr\u00edtico no n\u00edvel de consci\u00eancia.<\/p>\n<p>\u00c0s 18h27 desta quinta-feira, 12\/02, a unidade do SAMU foi acionada para atendimento a um homem de 44 anos, ferido ap\u00f3s colidir de moto contra um carro na Avenida Deputado Esteves Rodrigues, regi\u00e3o central de Montes Claros. Ele conduzia a moto e apresentava ferimentos na m\u00e3o e no joelho direitos.<\/p>\n<p>\u00c0s 16h40, a unidade do SAMU foi acionada para atendimento a um homem de 39 anos, ferido em uma colis\u00e3o entre dois caminh\u00f5es ocorrida na BR-251, cerca de 30 quil\u00f4metros depois de Montes Claros. Ele conduzia um dos caminh\u00f5es e apresentava fratura de f\u00eamur direito e tatuagem traum\u00e1tica do abd\u00f4men.<\/p>\n<p>\u00c0s 16h20, a unidade do SAMU foi acionada para atendimento a um homem de 20 anos que caiu de moto estrada de Juramento, a 9 quil\u00f4metros de Montes Claros. Ele se queixava de dor lombar e apresentava escoria\u00e7\u00f5es nas pernas e bra\u00e7os.<\/p>\n<p>\u00c0s 12h40, a unidade do SAMU foi acionada para atendimento a um homem de 33 anos que caiu de moto no bairro Jardim S\u00e3o Luis. Ele se queixava de dor lombar e tor\u00e1cica.<\/p>\n<p>Duas pessoas ficaram feridas em uma colis\u00e3o entre carro e moto ocorrida por volta das 12h15, no bairro Eldorado. O condutor da moto, de 27 anos, se queixava de dor lombar e no bra\u00e7o esquerdo. Uma mulher de 23 anos que estava na garupa da moto se queixava de dor na clav\u00edcula e no ombro esquerdo, sem sinal de fratura.<\/p>\n<p>\u00c0s 11h30, a unidade do SAMU foi acionada para atendimento a um homem de 25 anos que caiu de uma escada no bairro Santa Laura. Ele e apresentava corte contuso na cabe\u00e7a e no cotovelo esquerdo.<\/p>\n<p>\u00c0s 10h36, a unidade do SAMU foi acionada para atendimento a um homem de 20 anos que caiu de um trator de grande porte em uma ch\u00e1cara pr\u00f3xima a Montes Claros. Ele se queixava de dor e apresentava deformidade no bra\u00e7o direito, com poss\u00edvel fratura no cotovelo.<\/p>\n<p>\u00c0s 8h25, a unidade do SAMU foi acionada para atendimento a um homem de 25 anos que ficou ferido ap\u00f3s colidir de moto contra uma vaca no bairro Santo In\u00e1cio. Ele se queixava de dor na perna esquerda e apresentava escoria\u00e7\u00f5es no p\u00e9 direito.<\/p>\n<p>Em todas as ocorr\u00eancias os feridos receberam os primeiros atendimentos no local e foram encaminhados ao hospital para avalia\u00e7\u00e3o.<\/p>\n<p>E logo mais, a partir das 8h, o SAMU realizar\u00e1 uma blitz educativa no Anel Rodovi\u00e1rio, junto com as corpora\u00e7\u00f5es de seguran\u00e7a e defesa social, para orientar as pessoas a aproveitarem o carnaval de forma segura e saud\u00e1vel.<\/p>\n","protected":false},"excerpt":{"rendered":"<p>Quinta-feira, 12 de fevereiro de 2015. A unidade do SAMU de Montes Claros realizou na quinta-feira, 12 de fevereiro, 47 atendimentos, sendo 38 casos cl\u00ednicos e 7 ocorr\u00eancias de acidente de tr\u00e2nsito envolvendo motocicleta; uma queda de trator; uma colis\u00e3o entre dois caminh\u00f5es e um atropelamento por carro. E na madrugada desta sexta-feira, 13\/02, por [&hellip;]<\/p>\n","protected":false},"author":1,"featured_media":46383,"comment_status":"open","ping_status":"closed","sticky":false,"template":"","format":"standard","meta":{"amp_status":"","footnotes":""},"categories":[1236],"tags":[210,24659,24089,18898,18108,33444,18629,21139,4040],"class_list":["post-52595","post","type-post","status-publish","format-standard","has-post-thumbnail","hentry","category-norte_de_minas","tag-montes-claros","tag-plantao-do-samu-de-montes-claros","tag-plantao-do-samu-do-norte-de-minas","tag-plantao-do-samu-macro-norte","tag-plantao-do-samu-no-norte-de-minas-gerais","tag-plantao-do-samu-no-norte-de-minas-gerais-12-de-fevereiro-de-2015","tag-samu-de-montes-claros","tag-samu-do-norte-de-minas","tag-samu-macro-norte"],"_links":{"self":[{"href":"https:\/\/aconteceunovale.com.br\/portal\/index.php?rest_route=\/wp\/v2\/posts\/52595","targetHints":{"allow":["GET"]}}],"collection":[{"href":"https:\/\/aconteceunovale.com.br\/portal\/index.php?rest_route=\/wp\/v2\/posts"}],"about":[{"href":"https:\/\/aconteceunovale.com.br\/portal\/index.php?rest_route=\/wp\/v2\/types\/post"}],"author":[{"embeddable":true,"href":"https:\/\/aconteceunovale.com.br\/portal\/index.php?rest_route=\/wp\/v2\/users\/1"}],"replies":[{"embeddable":true,"href":"https:\/\/aconteceunovale.com.br\/portal\/index.php?rest_route=%2Fwp%2Fv2%2Fcomments&post=52595"}],"version-history":[{"count":0,"href":"https:\/\/aconteceunovale.com.br\/portal\/index.php?rest_route=\/wp\/v2\/posts\/52595\/revisions"}],"wp:featuredmedia":[{"embeddable":true,"href":"https:\/\/aconteceunovale.com.br\/portal\/index.php?rest_route=\/wp\/v2\/media\/46383"}],"wp:attachment":[{"href":"https:\/\/aconteceunovale.com.br\/portal\/index.php?rest_route=%2Fwp%2Fv2%2Fmedia&parent=52595"}],"wp:term":[{"taxonomy":"category","embeddable":true,"href":"https:\/\/aconteceunovale.com.br\/portal\/index.php?rest_route=%2Fwp%2Fv2%2Fcategories&post=52595"},{"taxonomy":"post_tag","embeddable":true,"href":"https:\/\/aconteceunovale.com.br\/portal\/index.php?rest_route=%2Fwp%2Fv2%2Ftags&post=52595"}],"curies":[{"name":"wp","href":"https:\/\/api.w.org\/{rel}","templated":true}]}}