{"id":52586,"date":"2015-02-13T10:35:22","date_gmt":"2015-02-13T13:35:22","guid":{"rendered":"http:\/\/aconteceunovale.com.br\/portal\/?p=52586"},"modified":"2015-02-13T10:38:00","modified_gmt":"2015-02-13T13:38:00","slug":"previsao-do-tempo-para-minas-gerais-nesta-sexta-feira-13-de-fevereiro","status":"publish","type":"post","link":"https:\/\/aconteceunovale.com.br\/portal\/?p=52586","title":{"rendered":"Previs\u00e3o do tempo para Minas Gerais nesta sexta-feira, 13 de fevereiro"},"content":{"rendered":"<h4><em><strong>Tempo est\u00e1vel, com possibilidade de pancadas de chuva<\/strong><\/em><\/h4>\n<p>Nesta sexta-feira (13\/2), o tempo fica est\u00e1vel, com predom\u00ednio de sol em boa parte de Minas Gerais. No Tri\u00e2ngulo e Sul de Minas, h\u00e1 previs\u00e3o de pancadas de chuva, acompanhadas de trovoadas e rajadas de vento ocasionais. Na Regi\u00e3o Metropolitana de Belo Horizonte, o dia ser\u00e1 de predom\u00ednio de sol pela manh\u00e3 e varia\u00e7\u00e3o de nuvens \u00e0 tarde, mas n\u00e3o chove. Na capital mineira, o c\u00e9u fica claro a parcialmente nublado, e as temperaturas oscilam entre 18 e 32\u00b0C.<\/p>\n<p>No final de semana, o sol predominar\u00e1 e as temperaturas ficar\u00e3o elevadas \u00e0 tarde (acima de 30\u00b0C), favorecendo a queda dos \u00edndices de umidade relativa do ar (em torno de 30%), especialmente, nas regi\u00f5es Noroeste, Norte, Nordeste, Leste e Centro do Estado. Nos setores Oeste, Sul e Sudeste mineiro, h\u00e1 possibilidade de pancadas de chuva t\u00edpicas de ver\u00e3o no per\u00edodo da tarde e noite.<\/p>\n<p> Na capital, o tempo fica ensolarado a parcialmente nublado, com temperaturas oscilando entre 18 e 33\u00b0C. As chances de chuvas aumentar\u00e3o na Grande BH a partir de segunda-feira (16\/2), inclusive no decorrer do per\u00edodo de carnaval, devido \u00e0 presen\u00e7a de uma frente fria no litoral do Sudeste do pa\u00eds.<\/p>\n","protected":false},"excerpt":{"rendered":"<p>Tempo est\u00e1vel, com possibilidade de pancadas de chuva Nesta sexta-feira (13\/2), o tempo fica est\u00e1vel, com predom\u00ednio de sol em boa parte de Minas Gerais. No Tri\u00e2ngulo e Sul de Minas, h\u00e1 previs\u00e3o de pancadas de chuva, acompanhadas de trovoadas e rajadas de vento ocasionais. Na Regi\u00e3o Metropolitana de Belo Horizonte, o dia ser\u00e1 de [&hellip;]<\/p>\n","protected":false},"author":1,"featured_media":51728,"comment_status":"open","ping_status":"closed","sticky":false,"template":"","format":"standard","meta":{"amp_status":"","footnotes":""},"categories":[123],"tags":[33429,1956,1839,33431,27976,33430],"class_list":["post-52586","post","type-post","status-publish","format-standard","has-post-thumbnail","hentry","category-gerais","tag-13-de-fevereiro","tag-previsao-do-tempo","tag-previsao-do-tempo-para-minas-gerais","tag-previsao-do-tempo-para-minas-gerais-na-sexta-feira-de-carnaval","tag-previsao-do-tempo-para-minas-gerais-nesta-sexta-feira","tag-previsao-do-tempo-para-minas-gerais-nesta-sexta-feira-13-de-fevereiro"],"_links":{"self":[{"href":"https:\/\/aconteceunovale.com.br\/portal\/index.php?rest_route=\/wp\/v2\/posts\/52586","targetHints":{"allow":["GET"]}}],"collection":[{"href":"https:\/\/aconteceunovale.com.br\/portal\/index.php?rest_route=\/wp\/v2\/posts"}],"about":[{"href":"https:\/\/aconteceunovale.com.br\/portal\/index.php?rest_route=\/wp\/v2\/types\/post"}],"author":[{"embeddable":true,"href":"https:\/\/aconteceunovale.com.br\/portal\/index.php?rest_route=\/wp\/v2\/users\/1"}],"replies":[{"embeddable":true,"href":"https:\/\/aconteceunovale.com.br\/portal\/index.php?rest_route=%2Fwp%2Fv2%2Fcomments&post=52586"}],"version-history":[{"count":0,"href":"https:\/\/aconteceunovale.com.br\/portal\/index.php?rest_route=\/wp\/v2\/posts\/52586\/revisions"}],"wp:featuredmedia":[{"embeddable":true,"href":"https:\/\/aconteceunovale.com.br\/portal\/index.php?rest_route=\/wp\/v2\/media\/51728"}],"wp:attachment":[{"href":"https:\/\/aconteceunovale.com.br\/portal\/index.php?rest_route=%2Fwp%2Fv2%2Fmedia&parent=52586"}],"wp:term":[{"taxonomy":"category","embeddable":true,"href":"https:\/\/aconteceunovale.com.br\/portal\/index.php?rest_route=%2Fwp%2Fv2%2Fcategories&post=52586"},{"taxonomy":"post_tag","embeddable":true,"href":"https:\/\/aconteceunovale.com.br\/portal\/index.php?rest_route=%2Fwp%2Fv2%2Ftags&post=52586"}],"curies":[{"name":"wp","href":"https:\/\/api.w.org\/{rel}","templated":true}]}}