{"id":52576,"date":"2015-02-12T20:18:19","date_gmt":"2015-02-12T23:18:19","guid":{"rendered":"http:\/\/aconteceunovale.com.br\/portal\/?p=52576"},"modified":"2015-02-12T20:19:47","modified_gmt":"2015-02-12T23:19:47","slug":"capelinha-comemora-102-anos-de-emancipacao","status":"publish","type":"post","link":"https:\/\/aconteceunovale.com.br\/portal\/?p=52576","title":{"rendered":"Capelinha comemora 102 anos de emancipa\u00e7\u00e3o"},"content":{"rendered":"<p><em><strong>Capelinha comemora seus 102 anos com o t\u00edtulo de cidade que mais cresce no Vale.<\/strong><\/em><\/p>\n<p>No dia 24 de fevereiro, Capelinha faz 102 anos de sua emancipa\u00e7\u00e3o pol\u00edtico-administrativa. Para comemora\u00e7\u00e3o da data, a Prefeitura e a Secretaria Municipal de Cultural, em parceria com a Escola Estadual \u201cCoronel Coelho\u201d, Rotary Club e com a empresa Minas Eventos, prepararam uma programa\u00e7\u00e3o recheada de atra\u00e7\u00f5es, sendo todas as atividades abertas ao p\u00fablico, sem cobran\u00e7a de ingresso. <\/p>\n<p><img decoding=\"async\" src=\"http:\/\/aconteceunovale.com.br\/portal\/wp-content\/uploads\/2015\/02\/capelinha_102_1.jpg\" alt=\"\" \/><em>Capelinha comemora 102 anos de emancipa\u00e7\u00e3o &#8211; Foto: C\u00e9sar Paranhos<\/em><br \/>\n<\/br><\/p>\n<p>A comemora\u00e7\u00e3o prev\u00ea celebra\u00e7\u00e3o de missa na Igreja Matriz Nossa Senhora da Gra\u00e7a, lan\u00e7amentos de livros no Galp\u00e3o Cultural, alvorada festiva pelas ruas da cidade, eventos de abertura das comemora\u00e7\u00f5es do centen\u00e1rio da Escola Estadual \u201cCoronel Coelho\u201d e shows musicais no Parque de Exposi\u00e7\u00f5es. Confira a programa\u00e7\u00e3o completa:<\/p>\n<p><strong>Dia 22\/02\/2015 \u2013 Domingo:<\/strong><br \/>\n14h00: Tarde de lazer no Parque de Exposi\u00e7\u00f5es com brincadeiras, brinquedos, oficinas, exposi\u00e7\u00e3o de fotos e muito mais.<br \/>\n16 h 30: Bingo de uma Moto zero km no Parque de Exposi\u00e7\u00f5es.<br \/>\n19h30: Missa de Anivers\u00e1rios de Capelinha e do Rotary Club na Igreja Matriz Nossa Senhora da Gra\u00e7a celebrada pelo padre Darci Almeida.<br \/>\n21h00: Show com Daniel Campos e Banda no Parque de Exposi\u00e7\u00f5es.<\/p>\n<p><strong>Dia 23\/02\/2015 \u2013 Segunda-Feira:<\/strong><br \/>\n19h00: Noite Liter\u00e1ria com lan\u00e7amentos dos livros \u201cCaminhos da Vida\u201d do padre Jos\u00e9 Gabriel e \u201cPatoleco, o Defensor dos Animais\u201d de Marlene Mendes, no Galp\u00e3o Cultural.<br \/>\n22h00: Shows com Marcelinho de Lima e Banda Akasus no Parque de Exposi\u00e7\u00f5es<\/p>\n<p><strong>Dia 24\/02\/2015 \u2013 Ter\u00e7a-Feira (Feriado Municipal):<\/strong><br \/>\n05h00: Alvorada festiva pelas ruas da cidade com a Fanfarra \u201cLau Soier\u201d.<\/p>\n<p><img decoding=\"async\" src=\"http:\/\/aconteceunovale.com.br\/portal\/wp-content\/uploads\/2015\/02\/capelinha_102_2.jpg\" alt=\"\" \/><em>Capelinha comemora 102 anos de emancipa\u00e7\u00e3o &#8211; Foto: C\u00e9sar Paranhos<\/em><br \/>\n<\/br><\/p>\n<p><em><strong>(Ascom da Prefeitura de Capelinha)<\/strong><\/em><\/p>\n","protected":false},"excerpt":{"rendered":"<p>Capelinha comemora seus 102 anos com o t\u00edtulo de cidade que mais cresce no Vale. No dia 24 de fevereiro, Capelinha faz 102 anos de sua emancipa\u00e7\u00e3o pol\u00edtico-administrativa. Para comemora\u00e7\u00e3o da data, a Prefeitura e a Secretaria Municipal de Cultural, em parceria com a Escola Estadual \u201cCoronel Coelho\u201d, Rotary Club e com a empresa Minas [&hellip;]<\/p>\n","protected":false},"author":1,"featured_media":52577,"comment_status":"open","ping_status":"closed","sticky":false,"template":"","format":"standard","meta":{"amp_status":"","footnotes":""},"categories":[125],"tags":[32583,32582,132,33420,33419,33422,33421],"class_list":["post-52576","post","type-post","status-publish","format-standard","has-post-thumbnail","hentry","category-noticias","tag-102-anos-de-capelinha","tag-aniversario-de-capelinha","tag-capelinha","tag-capelinha-comemora-102-anos","tag-capelinha-comemora-102-anos-de-emancipacao","tag-capelinha-comemora-seus-102-anos-com-o-titulo-de-cidade-que-mais-cresce-no-vale","tag-emancipacao-de-capelinha"],"_links":{"self":[{"href":"https:\/\/aconteceunovale.com.br\/portal\/index.php?rest_route=\/wp\/v2\/posts\/52576","targetHints":{"allow":["GET"]}}],"collection":[{"href":"https:\/\/aconteceunovale.com.br\/portal\/index.php?rest_route=\/wp\/v2\/posts"}],"about":[{"href":"https:\/\/aconteceunovale.com.br\/portal\/index.php?rest_route=\/wp\/v2\/types\/post"}],"author":[{"embeddable":true,"href":"https:\/\/aconteceunovale.com.br\/portal\/index.php?rest_route=\/wp\/v2\/users\/1"}],"replies":[{"embeddable":true,"href":"https:\/\/aconteceunovale.com.br\/portal\/index.php?rest_route=%2Fwp%2Fv2%2Fcomments&post=52576"}],"version-history":[{"count":0,"href":"https:\/\/aconteceunovale.com.br\/portal\/index.php?rest_route=\/wp\/v2\/posts\/52576\/revisions"}],"wp:featuredmedia":[{"embeddable":true,"href":"https:\/\/aconteceunovale.com.br\/portal\/index.php?rest_route=\/wp\/v2\/media\/52577"}],"wp:attachment":[{"href":"https:\/\/aconteceunovale.com.br\/portal\/index.php?rest_route=%2Fwp%2Fv2%2Fmedia&parent=52576"}],"wp:term":[{"taxonomy":"category","embeddable":true,"href":"https:\/\/aconteceunovale.com.br\/portal\/index.php?rest_route=%2Fwp%2Fv2%2Fcategories&post=52576"},{"taxonomy":"post_tag","embeddable":true,"href":"https:\/\/aconteceunovale.com.br\/portal\/index.php?rest_route=%2Fwp%2Fv2%2Ftags&post=52576"}],"curies":[{"name":"wp","href":"https:\/\/api.w.org\/{rel}","templated":true}]}}