{"id":52568,"date":"2015-02-12T19:53:58","date_gmt":"2015-02-12T22:53:58","guid":{"rendered":"http:\/\/aconteceunovale.com.br\/portal\/?p=52568"},"modified":"2015-02-12T19:53:58","modified_gmt":"2015-02-12T22:53:58","slug":"senai-certifica-participantes-do-curso-de-pedreiros-em-alvenaria-ministrado-em-capelinha","status":"publish","type":"post","link":"https:\/\/aconteceunovale.com.br\/portal\/?p=52568","title":{"rendered":"Senai certifica participantes do curso de pedreiros em alvenaria ministrado em Capelinha"},"content":{"rendered":"<p><em><strong>Curso teve a participa\u00e7\u00e3o de 17 alunos e foi ministrado pelo Senai\/Turmalina.<\/strong><\/em><\/p>\n<p>Alunos capelinhenses receberam nesta quarta-feira, 11 de fevereiro, os certificados de conclus\u00e3o do curso de Pedreiros em Alvenaria, ministrado pelo SENAI\/Turmalina, atrav\u00e9s do Pronatec e em parceria com a Prefeitura de Capelinha e Secretaria Municipal de Assist\u00eancia Social. <\/p>\n<p>Com dura\u00e7\u00e3o de 30 dias, o curso contou com a participa\u00e7\u00e3o de 17 alunos, que tiveram a oportunidade de aprender na teoria e na pr\u00e1tica as principais fun\u00e7\u00f5es de pedreiro em obras de reforma e constru\u00e7\u00e3o civil, t\u00e9cnicas de alvenaria em tijolos, blocos de concreto, pedras, revestimentos, pisos e contra pisos. <\/p>\n<p>O Departamento de Trabalho e Renda, vinculado \u00e0 Secretaria de Assist\u00eancia Social, informa que no m\u00eas de mar\u00e7o ser\u00e3o oferecidos novos cursos de qualifica\u00e7\u00e3o profissional.<\/p>\n<p><img decoding=\"async\" src=\"http:\/\/aconteceunovale.com.br\/portal\/wp-content\/uploads\/2015\/02\/certificacao_senai_cap.jpg\" alt=\"\" \/><em>Participantes da solenidade de formatura dos pedreiros em alvenaria &#8211; Foto: Divulga\u00e7\u00e3o<\/em><br \/>\n<\/br><\/p>\n<p><em><strong>(Ascom Prefeitura de Capelinha)<\/strong><\/em><\/p>\n","protected":false},"excerpt":{"rendered":"<p>Curso teve a participa\u00e7\u00e3o de 17 alunos e foi ministrado pelo Senai\/Turmalina. Alunos capelinhenses receberam nesta quarta-feira, 11 de fevereiro, os certificados de conclus\u00e3o do curso de Pedreiros em Alvenaria, ministrado pelo SENAI\/Turmalina, atrav\u00e9s do Pronatec e em parceria com a Prefeitura de Capelinha e Secretaria Municipal de Assist\u00eancia Social. Com dura\u00e7\u00e3o de 30 dias, [&hellip;]<\/p>\n","protected":false},"author":1,"featured_media":52569,"comment_status":"open","ping_status":"closed","sticky":false,"template":"","format":"standard","meta":{"amp_status":"","footnotes":""},"categories":[120],"tags":[132,33413,33412],"class_list":["post-52568","post","type-post","status-publish","format-standard","has-post-thumbnail","hentry","category-jequi","tag-capelinha","tag-curso-de-pedreiros-em-alvenaria","tag-senai-certifica-participantes-do-curso-de-pedreiros-em-alvenaria-ministrado-em-capelinha"],"_links":{"self":[{"href":"https:\/\/aconteceunovale.com.br\/portal\/index.php?rest_route=\/wp\/v2\/posts\/52568","targetHints":{"allow":["GET"]}}],"collection":[{"href":"https:\/\/aconteceunovale.com.br\/portal\/index.php?rest_route=\/wp\/v2\/posts"}],"about":[{"href":"https:\/\/aconteceunovale.com.br\/portal\/index.php?rest_route=\/wp\/v2\/types\/post"}],"author":[{"embeddable":true,"href":"https:\/\/aconteceunovale.com.br\/portal\/index.php?rest_route=\/wp\/v2\/users\/1"}],"replies":[{"embeddable":true,"href":"https:\/\/aconteceunovale.com.br\/portal\/index.php?rest_route=%2Fwp%2Fv2%2Fcomments&post=52568"}],"version-history":[{"count":0,"href":"https:\/\/aconteceunovale.com.br\/portal\/index.php?rest_route=\/wp\/v2\/posts\/52568\/revisions"}],"wp:featuredmedia":[{"embeddable":true,"href":"https:\/\/aconteceunovale.com.br\/portal\/index.php?rest_route=\/wp\/v2\/media\/52569"}],"wp:attachment":[{"href":"https:\/\/aconteceunovale.com.br\/portal\/index.php?rest_route=%2Fwp%2Fv2%2Fmedia&parent=52568"}],"wp:term":[{"taxonomy":"category","embeddable":true,"href":"https:\/\/aconteceunovale.com.br\/portal\/index.php?rest_route=%2Fwp%2Fv2%2Fcategories&post=52568"},{"taxonomy":"post_tag","embeddable":true,"href":"https:\/\/aconteceunovale.com.br\/portal\/index.php?rest_route=%2Fwp%2Fv2%2Ftags&post=52568"}],"curies":[{"name":"wp","href":"https:\/\/api.w.org\/{rel}","templated":true}]}}