{"id":52559,"date":"2015-02-12T19:34:16","date_gmt":"2015-02-12T22:34:16","guid":{"rendered":"http:\/\/aconteceunovale.com.br\/portal\/?p=52559"},"modified":"2015-02-12T19:34:16","modified_gmt":"2015-02-12T22:34:16","slug":"centro-historico-do-serro-tem-nova-imagem","status":"publish","type":"post","link":"https:\/\/aconteceunovale.com.br\/portal\/?p=52559","title":{"rendered":"Centro hist\u00f3rico do Serro tem nova imagem"},"content":{"rendered":"<p><strong><em>Plantas foram danificadas por uma descarga el\u00e9trica foram cortadas por uma equipe do Corpo de Bombeiros. Carnaval ser\u00e1 realizado na Pra\u00e7a.<\/em><\/strong><\/p>\n<p>O Centro hist\u00f3rico do Serro tem uma nova imagem ap\u00f3s o corte de duas palmeiras-imperiais atingidas por descargas el\u00e9tricas na Pra\u00e7a Doutor Jo\u00e3o Pinheiro. Nessa quarta-feira (11), uma equipe do Corpo de Bombeiros de Diamantina, cortou as plantas com aux\u00edlio de uma plataforma especifica.<\/p>\n<p><img decoding=\"async\" src=\"http:\/\/aconteceunovale.com.br\/portal\/wp-content\/uploads\/2015\/02\/palmeiras_serro_corte_1.jpg\" alt=\"\" \/><img decoding=\"async\" src=\"Pra\u00e7a Doutor Jo\u00e3o Pinheiro sem as palmeiras - Foto: Gilmara Paix\u00e3o \/ Divulga\u00e7\u00e3o\" alt=\"\" \/><br \/>\n<\/br><\/p>\n<p>De acordo com a Prefeitura Municipal, uma descarga el\u00e9trica no dia 20 de dezembro do de 2014 prejudicou a estrutura das plantas. As palmeiras foram analisadas por especialistas da Universidade Federal de Vi\u00e7osa (UFV), que expediram laudos confirmando a necessidade do corte.<\/p>\n<p>Ainda segundo a Prefeitura, outras esp\u00e9cies ser\u00e3o plantadas na Pra\u00e7a, em data a ser definida.<\/p>\n<p><strong>Carnaval<\/strong><\/p>\n<p>Com o corte das plantas, est\u00e1 confirmada a realiza\u00e7\u00e3o do Carnaval do Serro na Pra\u00e7a Doutor Jo\u00e3o Pinheiro. Confira a programa\u00e7\u00e3o no cartaz abaixo:<\/p>\n<p><img decoding=\"async\" src=\"http:\/\/aconteceunovale.com.br\/portal\/wp-content\/uploads\/2015\/01\/carnaval_do_serro_15.jpg\" alt=\"\" \/><\/p>\n","protected":false},"excerpt":{"rendered":"<p>Plantas foram danificadas por uma descarga el\u00e9trica foram cortadas por uma equipe do Corpo de Bombeiros. Carnaval ser\u00e1 realizado na Pra\u00e7a. O Centro hist\u00f3rico do Serro tem uma nova imagem ap\u00f3s o corte de duas palmeiras-imperiais atingidas por descargas el\u00e9tricas na Pra\u00e7a Doutor Jo\u00e3o Pinheiro. Nessa quarta-feira (11), uma equipe do Corpo de Bombeiros de [&hellip;]<\/p>\n","protected":false},"author":1,"featured_media":52560,"comment_status":"open","ping_status":"closed","sticky":false,"template":"","format":"standard","meta":{"amp_status":"","footnotes":""},"categories":[123],"tags":[33393,33392,33395,33394,33398,33399,33396,33397,154],"class_list":["post-52559","post","type-post","status-publish","format-standard","has-post-thumbnail","hentry","category-gerais","tag-centro-historico-do-serro","tag-centro-historico-do-serro-tem-nova-imagem","tag-corte-de-palmeiras-do-centro-historico-do-serro","tag-corte-de-palmeiras-do-serro","tag-corte-de-palmeiras-na-praca-doutor-joao-pinheiro","tag-corte-de-palmeiras-no-serro","tag-praca-doutor-joao-pinheiro","tag-praca-doutor-joao-pinheiro-sem-as-palmeiras","tag-serro"],"_links":{"self":[{"href":"https:\/\/aconteceunovale.com.br\/portal\/index.php?rest_route=\/wp\/v2\/posts\/52559","targetHints":{"allow":["GET"]}}],"collection":[{"href":"https:\/\/aconteceunovale.com.br\/portal\/index.php?rest_route=\/wp\/v2\/posts"}],"about":[{"href":"https:\/\/aconteceunovale.com.br\/portal\/index.php?rest_route=\/wp\/v2\/types\/post"}],"author":[{"embeddable":true,"href":"https:\/\/aconteceunovale.com.br\/portal\/index.php?rest_route=\/wp\/v2\/users\/1"}],"replies":[{"embeddable":true,"href":"https:\/\/aconteceunovale.com.br\/portal\/index.php?rest_route=%2Fwp%2Fv2%2Fcomments&post=52559"}],"version-history":[{"count":0,"href":"https:\/\/aconteceunovale.com.br\/portal\/index.php?rest_route=\/wp\/v2\/posts\/52559\/revisions"}],"wp:featuredmedia":[{"embeddable":true,"href":"https:\/\/aconteceunovale.com.br\/portal\/index.php?rest_route=\/wp\/v2\/media\/52560"}],"wp:attachment":[{"href":"https:\/\/aconteceunovale.com.br\/portal\/index.php?rest_route=%2Fwp%2Fv2%2Fmedia&parent=52559"}],"wp:term":[{"taxonomy":"category","embeddable":true,"href":"https:\/\/aconteceunovale.com.br\/portal\/index.php?rest_route=%2Fwp%2Fv2%2Fcategories&post=52559"},{"taxonomy":"post_tag","embeddable":true,"href":"https:\/\/aconteceunovale.com.br\/portal\/index.php?rest_route=%2Fwp%2Fv2%2Ftags&post=52559"}],"curies":[{"name":"wp","href":"https:\/\/api.w.org\/{rel}","templated":true}]}}