{"id":52547,"date":"2015-02-12T18:16:58","date_gmt":"2015-02-12T21:16:58","guid":{"rendered":"http:\/\/aconteceunovale.com.br\/portal\/?p=52547"},"modified":"2015-02-12T18:16:58","modified_gmt":"2015-02-12T21:16:58","slug":"passagem-de-onibus-ficara-mais-cara-em-teofilo-otoni","status":"publish","type":"post","link":"https:\/\/aconteceunovale.com.br\/portal\/?p=52547","title":{"rendered":"Passagem de \u00f4nibus ficar\u00e1 mais cara em Te\u00f3filo Otoni"},"content":{"rendered":"<p><strong><em>Justificativa para o reajuste \u00e9 o aumento no valor de produtos e servi\u00e7os, que pesam sobre a passagem, como o aumento dos combust\u00edveis.<\/em><\/strong><\/p>\n<p>A prefeitura de Te\u00f3filo Otoni, no Vale do Mucuri, anunciou nesta quinta-feira (12) o aumento das passagens de \u00f4nibus no munic\u00edpio. O valor vai passar de R$ 2,50 para R$ 2,80. O reajuste come\u00e7a a valer a partir desta sexta-feira (13).<\/p>\n<p>De acordo com a via\u00e7\u00e3o Vale do Mucuri, esse pre\u00e7o s\u00f3 vale para os \u00f4nibus convencionais. O valor da passagem para os ve\u00edculos executivos, com ar condicionado e cadeiras reclin\u00e1veis, foi mantido em R$ 3,20.<\/p>\n<p>Ainda de acordo com a empresa, esse reajuste de 12% acontecer\u00e1 por causa do aumento no valor de produtos e servi\u00e7os, que pesam sobre a passagem, como o aumento dos combust\u00edveis. Ao todo s\u00e3o 80 ve\u00edculos operando em 30 linhas. H\u00e1 um ano a empresa n\u00e3o reajustava o valor.<\/p>\n<p><img decoding=\"async\" src=\"http:\/\/aconteceunovale.com.br\/portal\/wp-content\/uploads\/2015\/02\/passagem_onibus_teo.jpg\" alt=\"\" \/><em>Valor foi mantido para \u00f4nibus executivos, com ar condicionado e cadeiras reclin\u00e1veis &#8211; Foto: Reprodu\u00e7\u00e3o <\/em><br \/>\n<\/br><\/p>\n<p><em><strong>(Inter TV dos Vales)<\/strong><\/em><\/p>\n","protected":false},"excerpt":{"rendered":"<p>Justificativa para o reajuste \u00e9 o aumento no valor de produtos e servi\u00e7os, que pesam sobre a passagem, como o aumento dos combust\u00edveis. A prefeitura de Te\u00f3filo Otoni, no Vale do Mucuri, anunciou nesta quinta-feira (12) o aumento das passagens de \u00f4nibus no munic\u00edpio. O valor vai passar de R$ 2,50 para R$ 2,80. O [&hellip;]<\/p>\n","protected":false},"author":1,"featured_media":52548,"comment_status":"open","ping_status":"closed","sticky":false,"template":"","format":"standard","meta":{"amp_status":"","footnotes":""},"categories":[122],"tags":[33372,33371,33373,164,21791],"class_list":["post-52547","post","type-post","status-publish","format-standard","has-post-thumbnail","hentry","category-mucuri","tag-aumento-no-valor-da-passagem-de-onibus","tag-passagem-de-onibus-ficara-mais-cara-em-teofilo-otoni","tag-reajuste-na-passagem-de-onibus-em-teofilo-otoni","tag-teofilo-otoni","tag-viacao-vale-do-mucuri"],"_links":{"self":[{"href":"https:\/\/aconteceunovale.com.br\/portal\/index.php?rest_route=\/wp\/v2\/posts\/52547","targetHints":{"allow":["GET"]}}],"collection":[{"href":"https:\/\/aconteceunovale.com.br\/portal\/index.php?rest_route=\/wp\/v2\/posts"}],"about":[{"href":"https:\/\/aconteceunovale.com.br\/portal\/index.php?rest_route=\/wp\/v2\/types\/post"}],"author":[{"embeddable":true,"href":"https:\/\/aconteceunovale.com.br\/portal\/index.php?rest_route=\/wp\/v2\/users\/1"}],"replies":[{"embeddable":true,"href":"https:\/\/aconteceunovale.com.br\/portal\/index.php?rest_route=%2Fwp%2Fv2%2Fcomments&post=52547"}],"version-history":[{"count":0,"href":"https:\/\/aconteceunovale.com.br\/portal\/index.php?rest_route=\/wp\/v2\/posts\/52547\/revisions"}],"wp:featuredmedia":[{"embeddable":true,"href":"https:\/\/aconteceunovale.com.br\/portal\/index.php?rest_route=\/wp\/v2\/media\/52548"}],"wp:attachment":[{"href":"https:\/\/aconteceunovale.com.br\/portal\/index.php?rest_route=%2Fwp%2Fv2%2Fmedia&parent=52547"}],"wp:term":[{"taxonomy":"category","embeddable":true,"href":"https:\/\/aconteceunovale.com.br\/portal\/index.php?rest_route=%2Fwp%2Fv2%2Fcategories&post=52547"},{"taxonomy":"post_tag","embeddable":true,"href":"https:\/\/aconteceunovale.com.br\/portal\/index.php?rest_route=%2Fwp%2Fv2%2Ftags&post=52547"}],"curies":[{"name":"wp","href":"https:\/\/api.w.org\/{rel}","templated":true}]}}