{"id":52539,"date":"2015-02-12T17:58:49","date_gmt":"2015-02-12T20:58:49","guid":{"rendered":"http:\/\/aconteceunovale.com.br\/portal\/?p=52539"},"modified":"2015-02-12T17:58:49","modified_gmt":"2015-02-12T20:58:49","slug":"estudantes-mineiros-participam-de-programa-de-imersao-na-cultura-americana","status":"publish","type":"post","link":"https:\/\/aconteceunovale.com.br\/portal\/?p=52539","title":{"rendered":"Estudantes mineiros participam de programa de imers\u00e3o na cultura americana"},"content":{"rendered":"<p><em><strong>Ao todo, nove semifinalistas mineiros do programa Jovens Embaixadores participar\u00e3o da English Immersion USA -2015<\/strong><\/em><\/p>\n<p>Os semifinalistas do processo seletivo para o Programa Jovens Embaixadores 2015 v\u00e3o participar de uma semana de imers\u00e3o na L\u00edngua Inglesa entre os dias 28 de junho e 03 de julho. Promovida pela Embaixada dos Estados Unidos, a English Immersion USA -2015 contar\u00e1 com a participa\u00e7\u00e3o de 130 estudantes de todo o pa\u00eds e ser\u00e1 realizada em Bras\u00edlia (DF).<\/p>\n<p>Minas Gerais ser\u00e1 representada por nove estudantes, entre eles cinco s\u00e3o de escolas da rede estadual de ensino. Durante a semana, os estudantes ter\u00e3o a oportunidade de fazer uma imers\u00e3o na cultura americana, aprimorar o seu ingl\u00eas, conhecer jovens das mais diversas partes do pa\u00eds, interagir com v\u00e1rios diplomatas americanos e, ao mesmo tempo, conhecer melhor a capital do pa\u00eds.<\/p>\n<p>Poliana Pinto Lima \u00e9 aluna do 3\u00ba ano do ensino m\u00e9dio da Escola Estadual Professora Maria Machado, no munic\u00edpio de Mirabela, e est\u00e1 entre os selecionados para participar da English Immersion USA -2015. Para a estudante, as atividades ir\u00e3o contribuir para aumentar seu conhecimento. \u201cSer\u00e1 uma semana em imers\u00e3o, por isso vou poder aumentar o conhecimento tanto cultural quanto da l\u00edngua\u201d, ressalta.<\/p>\n<p>J\u00e1 Bianca de Souza Fernandes acredita que a semana poder\u00e1 contribuir para sua vida profissional. \u201cQuando terminar o ensino m\u00e9dio, pretendo fazer o curso de Rela\u00e7\u00f5es Internacionais e essa experi\u00eancia vai me ajudar muito, pois vou ter a oportunidade de conhecer diplomatas que est\u00e3o em Bras\u00edlia e de trocar experi\u00eancias com colegas de todo o pa\u00eds\u201d, afirma a aluna do 3\u00ba ano do ensino m\u00e9dio da Escola Estadual Jos\u00e9 Alvarez Filho, em Guarani.<\/p>\n<p><strong>Jovens Embaixadores<\/strong><\/p>\n<p>O Programa foi iniciado no Brasil em 2002 e agora \u00e9 replicado em 25 pa\u00edses. Os parceiros da Embaixada dos EUA nesta iniciativa s\u00e3o: FedEx, MSD, Dow Brasil, Microsoft, Bradesco, Carlson Wagonlit Travel, IBM, Conselho Nacional de Secret\u00e1rios de Educa\u00e7\u00e3o (Consed) e Centros Binacionais.<\/p>\n<p>Para participar o candidato deve ter entre 15 e 18 anos (at\u00e9 a data da viagem), boa flu\u00eancia oral e escrita em Ingl\u00eas, ser alunos do ensino m\u00e9dio na rede p\u00fablica com excelente desempenho escolar e que seja engajado por, pelo menos, um ano em atividades de responsabilidade social.<\/p>\n<p>A edi\u00e7\u00e3o de 2015 do Programa Jovens Embaixadores contou com a participa\u00e7\u00e3o de tr\u00eas alunos da rede estadual de ensino: Cora Wallach Sanches, da Escola Estadual Doutor Em\u00edlio Silveira, de Alfenas; Fabr\u00edcio Izauro Martins Rezende, de Abadia dos Dourados, que estuda na Escola Estadual Professor Vicente Lopes Perez, de Monte Carmelo; e Lucas Rodrigues Fonseca, da Escola Estadual Doutor Jos\u00e9 Gon\u00e7alves, de Ita\u00fana. (Ag\u00eancia Minas)<\/p>\n","protected":false},"excerpt":{"rendered":"<p>Ao todo, nove semifinalistas mineiros do programa Jovens Embaixadores participar\u00e3o da English Immersion USA -2015 Os semifinalistas do processo seletivo para o Programa Jovens Embaixadores 2015 v\u00e3o participar de uma semana de imers\u00e3o na L\u00edngua Inglesa entre os dias 28 de junho e 03 de julho. Promovida pela Embaixada dos Estados Unidos, a English Immersion [&hellip;]<\/p>\n","protected":false},"author":1,"featured_media":52540,"comment_status":"open","ping_status":"closed","sticky":false,"template":"","format":"standard","meta":{"amp_status":"","footnotes":""},"categories":[28848],"tags":[1687,957,24452,33358,29104,33360,33356,33361,33365,33363,33351,33362,33354,33359,1512,33353,33364,33357,1520,33355,33352],"class_list":["post-52539","post","type-post","status-publish","format-standard","has-post-thumbnail","hentry","category-mundo","tag-abadia-dos-dourados","tag-alfenas","tag-bradesco","tag-carlson-wagonlit-travel","tag-conselho-nacional-de-secretarios-de-educacao","tag-cora-wallach-sanches","tag-dow-brasil","tag-escola-estadual-doutor-emilio-silveira","tag-escola-estadual-doutor-jose-goncalves","tag-escola-estadual-professor-vicente-lopes-perez","tag-estudantes-mineiros-participam-de-programa-de-imersao-na-cultura-americana","tag-fabricio-izauro-martins-rezende","tag-fedex","tag-ibm","tag-itauna","tag-jovens-embaixadores","tag-lucas-rodrigues-fonseca","tag-microsoft","tag-monte-carmelo","tag-msd","tag-programa-de-imersao-na-cultura-americana"],"_links":{"self":[{"href":"https:\/\/aconteceunovale.com.br\/portal\/index.php?rest_route=\/wp\/v2\/posts\/52539","targetHints":{"allow":["GET"]}}],"collection":[{"href":"https:\/\/aconteceunovale.com.br\/portal\/index.php?rest_route=\/wp\/v2\/posts"}],"about":[{"href":"https:\/\/aconteceunovale.com.br\/portal\/index.php?rest_route=\/wp\/v2\/types\/post"}],"author":[{"embeddable":true,"href":"https:\/\/aconteceunovale.com.br\/portal\/index.php?rest_route=\/wp\/v2\/users\/1"}],"replies":[{"embeddable":true,"href":"https:\/\/aconteceunovale.com.br\/portal\/index.php?rest_route=%2Fwp%2Fv2%2Fcomments&post=52539"}],"version-history":[{"count":0,"href":"https:\/\/aconteceunovale.com.br\/portal\/index.php?rest_route=\/wp\/v2\/posts\/52539\/revisions"}],"wp:featuredmedia":[{"embeddable":true,"href":"https:\/\/aconteceunovale.com.br\/portal\/index.php?rest_route=\/wp\/v2\/media\/52540"}],"wp:attachment":[{"href":"https:\/\/aconteceunovale.com.br\/portal\/index.php?rest_route=%2Fwp%2Fv2%2Fmedia&parent=52539"}],"wp:term":[{"taxonomy":"category","embeddable":true,"href":"https:\/\/aconteceunovale.com.br\/portal\/index.php?rest_route=%2Fwp%2Fv2%2Fcategories&post=52539"},{"taxonomy":"post_tag","embeddable":true,"href":"https:\/\/aconteceunovale.com.br\/portal\/index.php?rest_route=%2Fwp%2Fv2%2Ftags&post=52539"}],"curies":[{"name":"wp","href":"https:\/\/api.w.org\/{rel}","templated":true}]}}