{"id":52537,"date":"2015-02-12T17:53:33","date_gmt":"2015-02-12T20:53:33","guid":{"rendered":"http:\/\/aconteceunovale.com.br\/portal\/?p=52537"},"modified":"2015-02-12T17:53:33","modified_gmt":"2015-02-12T20:53:33","slug":"veiculos-de-grande-porte-terao-trafego-restrito-nas-rodovias-mineiras-no-carnaval","status":"publish","type":"post","link":"https:\/\/aconteceunovale.com.br\/portal\/?p=52537","title":{"rendered":"Ve\u00edculos de grande porte ter\u00e3o tr\u00e1fego restrito nas rodovias mineiras no carnaval"},"content":{"rendered":"<p><strong><em>Determina\u00e7\u00e3o do DER\/MG visa proporcionar viagens mais seguras para quem transita pelo Estado durante o feriado<\/em><\/strong><\/p>\n<p>O Departamento de Estradas de Rodagem de Minas Gerais (DER\/MG) vai restringir o tr\u00e1fego de ve\u00edculos de grande porte durante o per\u00edodo de carnaval, com o objetivo de garantir mais fluidez no tr\u00e1fego e aumentar a seguran\u00e7a dos usu\u00e1rios das rodovias sob sua jurisdi\u00e7\u00e3o do \u00f3rg\u00e3o. A restri\u00e7\u00e3o segue determina\u00e7\u00e3o da Portaria n\u00ba 3.366, publicada na edi\u00e7\u00e3o desta quinta-feira (12\/2) do Di\u00e1rio Oficial do Estado e Minas Gerais.<\/p>\n<p>A categoria \u201cgrande porte\u201d engloba, conforme prev\u00ea a portaria, as Combina\u00e7\u00f5es de Ve\u00edculos de Carga (CVC), as Combina\u00e7\u00f5es de Transporte de Ve\u00edculos (CTV) e as de cargas indivis\u00edveis.<\/p>\n<p>No feriado de Carnaval de 2015 a restri\u00e7\u00e3o seguir\u00e1 o seguinte cronograma:<\/p>\n<p>&#8211; Dia 13\/2 (sexta-feira), de 16h \u00e0s 24h<br \/>\n&#8211; Dia 14\/2 (s\u00e1bado), de 6h \u00e0s 12h<br \/>\n&#8211; Dia 17\/2 (ter\u00e7a-feira), de 16h \u00e0s 24h<br \/>\n&#8211; Dia 18\/2 (quarta-feira), de 6h \u00e0s 12h<\/p>\n<p>Mesmo que o ve\u00edculo esteja sem carga ou portando a Autoriza\u00e7\u00e3o Especial de Tr\u00e2nsito (AET), a circula\u00e7\u00e3o est\u00e1 impedida, independentemente do tipo de pista que exista na rodovia em que ir\u00e1 trafegar.<\/p>\n<p>Caso algum motorista seja abordado realizando deslocamentos com os ve\u00edculos impedidos de circular, o infrator fica sujeito \u00e0s penalidades previstas no C\u00f3digo de Tr\u00e2nsito Brasileiro (art. 187-I, da Lei Federal n\u00ba 9.503, de 1997), o que representa a perda de quatro pontos na carteira de habilita\u00e7\u00e3o, multa de R$ 85,13 e reten\u00e7\u00e3o do ve\u00edculo at\u00e9 o t\u00e9rmino do hor\u00e1rio de restri\u00e7\u00e3o.<\/p>\n<p>A portaria determina, tamb\u00e9m, a restri\u00e7\u00e3o de circula\u00e7\u00e3o de ve\u00edculos de grande porte em outros feriados e recessos ao longo deste ano e in\u00edcio de 2016:<\/p>\n<p><strong>Semana Santa<\/strong><br \/>\n&#8211; 2\/4\/2015 (quinta-feira), de 16h \u00e0s 24h<br \/>\n&#8211; 3\/4\/2015 (sexta-feira), de 6h \u00e0s 12h<br \/>\n&#8211; 5\/4\/2015 (domingo), de 16h \u00e0s 24h<\/p>\n<p><strong>Dia do Trabalho<\/strong><br \/>\n&#8211; 30\/4\/2015 (quinta-feira), de 16h \u00e0s 24h<br \/>\n&#8211; 1\/5\/2015 (sexta-feira), de 6h \u00e0s 12h<br \/>\n&#8211; 3\/5\/2015 (domingo), de 16h \u00e0s 24h<\/p>\n<p><strong>Corpus Christi<\/strong><br \/>\n&#8211; 4\/6\/2015 (quinta-feira), de 16h \u00e0s 24h<br \/>\n&#8211; 7\/6\/2015 (domingo), de 16h \u00e0s 24h<\/p>\n<p><strong>Independ\u00eancia<\/strong><br \/>\n&#8211; 4\/9\/2015 (sexta-feira), de 16h \u00e0s 24h<br \/>\n&#8211; 5\/9\/2015 (s\u00e1bado), de 6h \u00e0s 12h<br \/>\n&#8211; 7\/9\/2015 (segunda-feira), de 16h \u00e0s 24h<\/p>\n<p><strong>Finados<\/strong><br \/>\n&#8211; 30\/10\/2015 (sexta-feira), de 16h \u00e0s 24h<br \/>\n&#8211; 31\/10\/2015 (s\u00e1bado), de 6h\u00e0s 12h<br \/>\n&#8211; 2\/11\/2015 (segunda-feira), de 16h \u00e0s 24h<\/p>\n<p><strong>Fim de Ano<\/strong><br \/>\n&#8211; 24\/12\/2015 (quinta-feira), de 14h \u00e0s 22h<br \/>\n&#8211; 31\/12\/2015 (quinta-feira), de 14h \u00e0s 22h<br \/>\n&#8211; 3\/01\/2016 (domingo), de 14h \u00e0s 22h<\/p>\n","protected":false},"excerpt":{"rendered":"<p>Determina\u00e7\u00e3o do DER\/MG visa proporcionar viagens mais seguras para quem transita pelo Estado durante o feriado O Departamento de Estradas de Rodagem de Minas Gerais (DER\/MG) vai restringir o tr\u00e1fego de ve\u00edculos de grande porte durante o per\u00edodo de carnaval, com o objetivo de garantir mais fluidez no tr\u00e1fego e aumentar a seguran\u00e7a dos usu\u00e1rios [&hellip;]<\/p>\n","protected":false},"author":1,"featured_media":26558,"comment_status":"open","ping_status":"closed","sticky":false,"template":"","format":"standard","meta":{"amp_status":"","footnotes":""},"categories":[123],"tags":[33349,33350,33348,33347],"class_list":["post-52537","post","type-post","status-publish","format-standard","has-post-thumbnail","hentry","category-gerais","tag-restricao-de-trafego-de-veiculos-de-cargas","tag-restricao-de-trafego-de-veiculos-pesados","tag-restricao-de-trafego-feriado","tag-veiculos-de-grande-porte-terao-trafego-restrito-nas-rodovias-mineiras-no-carnaval"],"_links":{"self":[{"href":"https:\/\/aconteceunovale.com.br\/portal\/index.php?rest_route=\/wp\/v2\/posts\/52537","targetHints":{"allow":["GET"]}}],"collection":[{"href":"https:\/\/aconteceunovale.com.br\/portal\/index.php?rest_route=\/wp\/v2\/posts"}],"about":[{"href":"https:\/\/aconteceunovale.com.br\/portal\/index.php?rest_route=\/wp\/v2\/types\/post"}],"author":[{"embeddable":true,"href":"https:\/\/aconteceunovale.com.br\/portal\/index.php?rest_route=\/wp\/v2\/users\/1"}],"replies":[{"embeddable":true,"href":"https:\/\/aconteceunovale.com.br\/portal\/index.php?rest_route=%2Fwp%2Fv2%2Fcomments&post=52537"}],"version-history":[{"count":0,"href":"https:\/\/aconteceunovale.com.br\/portal\/index.php?rest_route=\/wp\/v2\/posts\/52537\/revisions"}],"wp:featuredmedia":[{"embeddable":true,"href":"https:\/\/aconteceunovale.com.br\/portal\/index.php?rest_route=\/wp\/v2\/media\/26558"}],"wp:attachment":[{"href":"https:\/\/aconteceunovale.com.br\/portal\/index.php?rest_route=%2Fwp%2Fv2%2Fmedia&parent=52537"}],"wp:term":[{"taxonomy":"category","embeddable":true,"href":"https:\/\/aconteceunovale.com.br\/portal\/index.php?rest_route=%2Fwp%2Fv2%2Fcategories&post=52537"},{"taxonomy":"post_tag","embeddable":true,"href":"https:\/\/aconteceunovale.com.br\/portal\/index.php?rest_route=%2Fwp%2Fv2%2Ftags&post=52537"}],"curies":[{"name":"wp","href":"https:\/\/api.w.org\/{rel}","templated":true}]}}