{"id":52508,"date":"2015-02-12T12:31:29","date_gmt":"2015-02-12T15:31:29","guid":{"rendered":"http:\/\/aconteceunovale.com.br\/portal\/?p=52508"},"modified":"2015-02-12T12:31:29","modified_gmt":"2015-02-12T15:31:29","slug":"unai-tera-que-implantar-rede-eletrica-em-loteamento-irregular-onde-vivem-mais-de-300-familias","status":"publish","type":"post","link":"https:\/\/aconteceunovale.com.br\/portal\/?p=52508","title":{"rendered":"Una\u00ed ter\u00e1 que implantar rede el\u00e9trica em loteamento irregular onde vivem mais de 300 fam\u00edlias"},"content":{"rendered":"<h4><strong><em>Local \u00e9 habitado, h\u00e1 cerca de cinco anos, por mais de 300 fam\u00edlias, que vivem em condi\u00e7\u00f5es prec\u00e1rias, privadas do servi\u00e7o.<\/em><\/strong><\/h4>\n<p>A pedido do Minist\u00e9rio P\u00fablico de Minas Gerais (MPMG), a Justi\u00e7a concedeu liminar determinando que o munic\u00edpio de Una\u00ed, no Noroeste do estado, implante, no prazo de 120 dias, a Rede de Distribui\u00e7\u00e3o Urbana (RDU) de energia el\u00e9trica no loteamento Park Rio Preto. O local \u00e9 habitado, h\u00e1 cerca de cinco anos, por mais de 300 fam\u00edlias, que vivem em condi\u00e7\u00f5es prec\u00e1rias, privadas do servi\u00e7o.<\/p>\n<p>O problema teve in\u00edcio com o loteamento irregular da \u00e1rea, sem autoriza\u00e7\u00e3o do munic\u00edpio ou regulariza\u00e7\u00e3o nos \u00f3rg\u00e3os ambientais. Outro agravante \u00e9 o fato de que parte dos lotes situa-se em \u00e1rea de preserva\u00e7\u00e3o permanente.<\/p>\n<p>Ao tomar conhecimento do fato, em 2011, o MPMG ajuizou A\u00e7\u00e3o Civil P\u00fablica (ACP), pedindo que o loteador, o munic\u00edpio e outros envolvidos realizassem a urbaniza\u00e7\u00e3o do empreendimento. No mesmo ano, a Justi\u00e7a concedeu medida liminar obrigando o munic\u00edpio a regularizar o loteamento, de forma a atender os requisitos m\u00ednimos para a garantia de uma vida digna aos moradores. At\u00e9 o momento, por\u00e9m, segundo o promotor de Justi\u00e7a Rafael Moreno Rodrigues Silva Machado, a prefeitura alegava ser imposs\u00edvel o cumprimento da liminar, por conta da aus\u00eancia de estudos de impacto ambiental.<\/p>\n<p>Diante da situa\u00e7\u00e3o, a 2\u00aa Promotoria de Justi\u00e7a de Una\u00ed requereu \u00e0 Central de Apoio T\u00e9cnico do Minist\u00e9rio P\u00fablico (Ceat) um estudo do impacto ambiental da instala\u00e7\u00e3o da RDU na localidade, a fim de averiguar a viabilidade da implanta\u00e7\u00e3o da rede el\u00e9trica para os moradores. O estudo apontou que a instala\u00e7\u00e3o n\u00e3o afetaria o meio ambiente, o que levou o MPMG a pleitear a medida liminar para compelir os requeridos a implantar a RDU.<\/p>\n<p>Conforme o promotor Rafael Moreno, \u201ca medida \u00e9 de extrema relev\u00e2ncia para a popula\u00e7\u00e3o local, que est\u00e1 h\u00e1 mais de cinco anos no escuro, em situa\u00e7\u00e3o deplor\u00e1vel\u201d.  <\/p>\n<h4>Direito \u00e0 moradia<\/h4>\n<p>Conforme a decis\u00e3o judicial, \u201ca necessidade de fornecimento da rede de energia aos moradores do loteamento Park Rio Preto funda-se no princ\u00edpio constitucional da dignidade da pessoa humana, bem como no direito fundamental \u00e0 moradia, uma vez que a disponibiliza\u00e7\u00e3o do referido servi\u00e7o constitui elemento essencial para a satisfa\u00e7\u00e3o das suas necessidades b\u00e1sicas\u201d. <\/p>\n<p>O juiz respons\u00e1vel pelo caso entendeu que \u201cembora existam ind\u00edcios de irregularidade do loteamento, tal fato n\u00e3o representa \u00f3bice intranspon\u00edvel ao direito de os moradores terem o fornecimento regular de energia el\u00e9trica, mormente considerando o lapso temporal em que os cidad\u00e3os sobrevivem naquela regi\u00e3o\u201d.<\/p>\n<p><em>(Fonte: Minist\u00e9rio P\u00fablico de Minas Gerais)<\/em><\/p>\n","protected":false},"excerpt":{"rendered":"<p>Local \u00e9 habitado, h\u00e1 cerca de cinco anos, por mais de 300 fam\u00edlias, que vivem em condi\u00e7\u00f5es prec\u00e1rias, privadas do servi\u00e7o. A pedido do Minist\u00e9rio P\u00fablico de Minas Gerais (MPMG), a Justi\u00e7a concedeu liminar determinando que o munic\u00edpio de Una\u00ed, no Noroeste do estado, implante, no prazo de 120 dias, a Rede de Distribui\u00e7\u00e3o Urbana [&hellip;]<\/p>\n","protected":false},"author":1,"featured_media":52509,"comment_status":"open","ping_status":"closed","sticky":false,"template":"","format":"standard","meta":{"amp_status":"","footnotes":""},"categories":[123],"tags":[33325,222,33324],"class_list":["post-52508","post","type-post","status-publish","format-standard","has-post-thumbnail","hentry","category-gerais","tag-loteamento-park-rio-preto","tag-unai","tag-unai-tera-que-implantar-rede-eletrica-em-loteamento-irregular-onde-vivem-mais-de-300-familias"],"_links":{"self":[{"href":"https:\/\/aconteceunovale.com.br\/portal\/index.php?rest_route=\/wp\/v2\/posts\/52508","targetHints":{"allow":["GET"]}}],"collection":[{"href":"https:\/\/aconteceunovale.com.br\/portal\/index.php?rest_route=\/wp\/v2\/posts"}],"about":[{"href":"https:\/\/aconteceunovale.com.br\/portal\/index.php?rest_route=\/wp\/v2\/types\/post"}],"author":[{"embeddable":true,"href":"https:\/\/aconteceunovale.com.br\/portal\/index.php?rest_route=\/wp\/v2\/users\/1"}],"replies":[{"embeddable":true,"href":"https:\/\/aconteceunovale.com.br\/portal\/index.php?rest_route=%2Fwp%2Fv2%2Fcomments&post=52508"}],"version-history":[{"count":0,"href":"https:\/\/aconteceunovale.com.br\/portal\/index.php?rest_route=\/wp\/v2\/posts\/52508\/revisions"}],"wp:featuredmedia":[{"embeddable":true,"href":"https:\/\/aconteceunovale.com.br\/portal\/index.php?rest_route=\/wp\/v2\/media\/52509"}],"wp:attachment":[{"href":"https:\/\/aconteceunovale.com.br\/portal\/index.php?rest_route=%2Fwp%2Fv2%2Fmedia&parent=52508"}],"wp:term":[{"taxonomy":"category","embeddable":true,"href":"https:\/\/aconteceunovale.com.br\/portal\/index.php?rest_route=%2Fwp%2Fv2%2Fcategories&post=52508"},{"taxonomy":"post_tag","embeddable":true,"href":"https:\/\/aconteceunovale.com.br\/portal\/index.php?rest_route=%2Fwp%2Fv2%2Ftags&post=52508"}],"curies":[{"name":"wp","href":"https:\/\/api.w.org\/{rel}","templated":true}]}}