{"id":52505,"date":"2015-02-12T12:03:38","date_gmt":"2015-02-12T15:03:38","guid":{"rendered":"http:\/\/aconteceunovale.com.br\/portal\/?p=52505"},"modified":"2015-02-12T18:08:52","modified_gmt":"2015-02-12T21:08:52","slug":"duas-pessoas-morrem-em-acidentes-na-br-116-em-teofilo-otoni-e-governador-valadares","status":"publish","type":"post","link":"https:\/\/aconteceunovale.com.br\/portal\/?p=52505","title":{"rendered":"Duas pessoas morrem em acidentes na BR-116 em Te\u00f3filo Otoni e Governador Valadares"},"content":{"rendered":"<h4><em><strong>Em Governador Valadares, motociclista foi encontrado inconsciente e teve traumatismo craniano. Em Te\u00f3filo Otoni, um homem morreu em colis\u00e3o entre carreta e caminh\u00e3o.<\/strong><\/em><\/h4>\n<p>Duas pessoas morreram em dois acidentes registrados na BR-116 nesta quarta-feira, 11 de fevereiro, em Te\u00f3filo Otoni e Governador Valadares. Pr\u00f3ximo ao Distrito de Xonin de Baixo, no munic\u00edpio de Governador Valadares, um motociclista de 45 anos morreu ap\u00f3s uma colis\u00e3o frontal contra um carro.<\/p>\n<p>De acordo com o Corpo de Bombeiros, o condutor da moto teve traumatismo craniano e morreu no local. O passageiro foi socorrido ao Hospital Municipal de Governador Valadares. O motorista do carro, de 28 anos, n\u00e3o teve ferimentos.<\/p>\n<h4>Te\u00f3filo Otoni<\/h4>\n<p>Em Te\u00f3filo Otoni, um homem de 37 anos morreu ap\u00f3s bater o caminh\u00e3o que conduzia contra uma carreta. Segundo a Pol\u00edcia Rodovi\u00e1ria Federal, a v\u00edtima foi socorrida a um hospital da cidade, mas n\u00e3o resistiu e veio a \u00f3bito. Ainda de acordo com a PRF, o motorista da carreta, de 34 anos, n\u00e3o teve ferimentos.<\/p>\n<h4>Outro acidente<\/h4>\n<p>Na manh\u00e3 desta quinta-feira (12), um caminh\u00e3o carregado com carv\u00e3o carregado com carv\u00e3o tombou na BR-259, em Governador Valadares. A Pol\u00edcia Rodovi\u00e1ria Federal suspeita que a carga tenha se soltado e desequilibrado o ve\u00edculo, que acabou tombando. O motorista da carreta, de 64 anos, sofreu escoria\u00e7\u00f5es leves e foi levado ao Hospital Municipal. <\/p>\n<p><img decoding=\"async\" src=\"http:\/\/aconteceunovale.com.br\/portal\/wp-content\/uploads\/2015\/02\/acidente_gv_12_1.jpg\" alt=\"\" \/><em>Caminh\u00e3o carregado com carv\u00e3o tombou em Governador Valadares &#8211; Foto: P\u00e1gina GV Alerta<\/em><br \/>\n<\/br><\/p>\n<p><em><strong>(Fonte: Inter TV dos Vales \/ Com altera\u00e7\u00f5es)<\/strong><\/em><\/p>\n","protected":false},"excerpt":{"rendered":"<p>Em Governador Valadares, motociclista foi encontrado inconsciente e teve traumatismo craniano. Em Te\u00f3filo Otoni, um homem morreu em colis\u00e3o entre carreta e caminh\u00e3o. Duas pessoas morreram em dois acidentes registrados na BR-116 nesta quarta-feira, 11 de fevereiro, em Te\u00f3filo Otoni e Governador Valadares. Pr\u00f3ximo ao Distrito de Xonin de Baixo, no munic\u00edpio de Governador Valadares, [&hellip;]<\/p>\n","protected":false},"author":1,"featured_media":52506,"comment_status":"open","ping_status":"closed","sticky":false,"template":"","format":"standard","meta":{"amp_status":"","footnotes":""},"categories":[121],"tags":[12667,13880,33322,33323,247,164],"class_list":["post-52505","post","type-post","status-publish","format-standard","has-post-thumbnail","hentry","category-leste","tag-acidente-em-governador-valadares","tag-acidente-em-teofilo-otoni","tag-acidente-em-xonin-de-baixo","tag-duas-pessoas-morrem-em-acidentes-na-br-116-em-teofilo-otoni-e-governador-valadares","tag-governador-valadares","tag-teofilo-otoni"],"_links":{"self":[{"href":"https:\/\/aconteceunovale.com.br\/portal\/index.php?rest_route=\/wp\/v2\/posts\/52505","targetHints":{"allow":["GET"]}}],"collection":[{"href":"https:\/\/aconteceunovale.com.br\/portal\/index.php?rest_route=\/wp\/v2\/posts"}],"about":[{"href":"https:\/\/aconteceunovale.com.br\/portal\/index.php?rest_route=\/wp\/v2\/types\/post"}],"author":[{"embeddable":true,"href":"https:\/\/aconteceunovale.com.br\/portal\/index.php?rest_route=\/wp\/v2\/users\/1"}],"replies":[{"embeddable":true,"href":"https:\/\/aconteceunovale.com.br\/portal\/index.php?rest_route=%2Fwp%2Fv2%2Fcomments&post=52505"}],"version-history":[{"count":0,"href":"https:\/\/aconteceunovale.com.br\/portal\/index.php?rest_route=\/wp\/v2\/posts\/52505\/revisions"}],"wp:featuredmedia":[{"embeddable":true,"href":"https:\/\/aconteceunovale.com.br\/portal\/index.php?rest_route=\/wp\/v2\/media\/52506"}],"wp:attachment":[{"href":"https:\/\/aconteceunovale.com.br\/portal\/index.php?rest_route=%2Fwp%2Fv2%2Fmedia&parent=52505"}],"wp:term":[{"taxonomy":"category","embeddable":true,"href":"https:\/\/aconteceunovale.com.br\/portal\/index.php?rest_route=%2Fwp%2Fv2%2Fcategories&post=52505"},{"taxonomy":"post_tag","embeddable":true,"href":"https:\/\/aconteceunovale.com.br\/portal\/index.php?rest_route=%2Fwp%2Fv2%2Ftags&post=52505"}],"curies":[{"name":"wp","href":"https:\/\/api.w.org\/{rel}","templated":true}]}}