{"id":52497,"date":"2015-02-12T11:37:21","date_gmt":"2015-02-12T14:37:21","guid":{"rendered":"http:\/\/aconteceunovale.com.br\/portal\/?p=52497"},"modified":"2015-02-12T11:37:21","modified_gmt":"2015-02-12T14:37:21","slug":"br-116-sera-fechada-em-protesto-por-reforma-de-ponte-em-itaobim","status":"publish","type":"post","link":"https:\/\/aconteceunovale.com.br\/portal\/?p=52497","title":{"rendered":"BR-116 ser\u00e1 fechada em protesto por reforma de ponte em Itaobim"},"content":{"rendered":"<h4><em><strong>Popula\u00e7\u00e3o cobra reforma da ponte e constru\u00e7\u00e3o de uma passarela.<\/strong><\/em><\/h4>\n<p>Reforma da ponte, que liga os dois lados da cidade, e constru\u00e7\u00e3o de uma passarela. Esses s\u00e3o os principais objetivos de uma manifesta\u00e7\u00e3o planejada para o pr\u00f3ximo s\u00e1bado, 14 de fevereiro, em Itaobim, no Vale do Jequitinhonha. Moradores pretendem interditar o tr\u00e1fego de ve\u00edculos nos dois sentidos na rodovia BR-116 a partir das 16 horas.<\/p>\n<p><img decoding=\"async\" src=\"http:\/\/aconteceunovale.com.br\/portal\/wp-content\/uploads\/2015\/02\/itaobim_ponte.jpg\" alt=\"\" \/><em>Popula\u00e7\u00e3o cobra reforma da ponte e constru\u00e7\u00e3o de uma passarela &#8211; Foto: Reprodu\u00e7\u00e3o<\/em><br \/>\n<\/br><\/p>\n<p>De acordo com um dos organizadores, a ponte foi constru\u00edda em 1949 e nunca passou por uma vistoria. A popula\u00e7\u00e3o teme que a estrutura entre em colapso e acabe provocando uma trag\u00e9dia, devido ao grande tr\u00e1fego na rodovia federal. <\/p>\n<p>Outra cobran\u00e7a dos moradores \u00e9 a constru\u00e7\u00e3o de uma passarela. Segundo informa\u00e7\u00f5es na gest\u00e3o do ex-presidente Lula, uma passarela foi constru\u00edda, mas desabou antes mesmo de ser inaugurada. <em>&#8220;A constru\u00e7\u00e3o de uma passarela aqui \u00e9 muito importante, todos os dias a gente v\u00ea moradores colocando suas vidas em risco para atravessar a rodovia. J\u00e1 vi pessoas sendo atropeladas aqui.&#8221;<\/em>, diz a propriet\u00e1ria de um com\u00e9rcio \u00e0s margens da rodovia.<\/p>\n<h4>Convite<\/h4>\n<p>Um convite divulgado pelas redes sociais informa a popula\u00e7\u00e3o os motivos da manifesta\u00e7\u00e3o. <em>&#8220;Aten\u00e7\u00e3o voc\u00ea de Itaobim, venha participar da grande manifesta\u00e7\u00e3o pac\u00edfica neste s\u00e1bado, 14, \u00e0s 16 horas, pr\u00f3ximo a ponte. Vamos fechar a BR-116 e cobrar a reforma da ponte a constru\u00e7\u00e3o da passarela. O Brasil vai parar neste dia. Vamos nos unir, antes que o mal aconte\u00e7a.&#8221;<\/em>, divulga os organizadores.<\/p>\n","protected":false},"excerpt":{"rendered":"<p>Popula\u00e7\u00e3o cobra reforma da ponte e constru\u00e7\u00e3o de uma passarela. Reforma da ponte, que liga os dois lados da cidade, e constru\u00e7\u00e3o de uma passarela. Esses s\u00e3o os principais objetivos de uma manifesta\u00e7\u00e3o planejada para o pr\u00f3ximo s\u00e1bado, 14 de fevereiro, em Itaobim, no Vale do Jequitinhonha. Moradores pretendem interditar o tr\u00e1fego de ve\u00edculos nos [&hellip;]<\/p>\n","protected":false},"author":1,"featured_media":52499,"comment_status":"open","ping_status":"closed","sticky":false,"template":"","format":"standard","meta":{"amp_status":"","footnotes":""},"categories":[120],"tags":[33318,33320,391,33319,33321],"class_list":["post-52497","post","type-post","status-publish","format-standard","has-post-thumbnail","hentry","category-jequi","tag-br-116-sera-fechada-em-protesto-por-reforma-de-ponte-em-itaobim","tag-interdicao-da-br-116-em-itaobim","tag-itaobim","tag-manifestacao-em-itaobim","tag-protesto-na-br-116-em-itaobim"],"_links":{"self":[{"href":"https:\/\/aconteceunovale.com.br\/portal\/index.php?rest_route=\/wp\/v2\/posts\/52497","targetHints":{"allow":["GET"]}}],"collection":[{"href":"https:\/\/aconteceunovale.com.br\/portal\/index.php?rest_route=\/wp\/v2\/posts"}],"about":[{"href":"https:\/\/aconteceunovale.com.br\/portal\/index.php?rest_route=\/wp\/v2\/types\/post"}],"author":[{"embeddable":true,"href":"https:\/\/aconteceunovale.com.br\/portal\/index.php?rest_route=\/wp\/v2\/users\/1"}],"replies":[{"embeddable":true,"href":"https:\/\/aconteceunovale.com.br\/portal\/index.php?rest_route=%2Fwp%2Fv2%2Fcomments&post=52497"}],"version-history":[{"count":0,"href":"https:\/\/aconteceunovale.com.br\/portal\/index.php?rest_route=\/wp\/v2\/posts\/52497\/revisions"}],"wp:featuredmedia":[{"embeddable":true,"href":"https:\/\/aconteceunovale.com.br\/portal\/index.php?rest_route=\/wp\/v2\/media\/52499"}],"wp:attachment":[{"href":"https:\/\/aconteceunovale.com.br\/portal\/index.php?rest_route=%2Fwp%2Fv2%2Fmedia&parent=52497"}],"wp:term":[{"taxonomy":"category","embeddable":true,"href":"https:\/\/aconteceunovale.com.br\/portal\/index.php?rest_route=%2Fwp%2Fv2%2Fcategories&post=52497"},{"taxonomy":"post_tag","embeddable":true,"href":"https:\/\/aconteceunovale.com.br\/portal\/index.php?rest_route=%2Fwp%2Fv2%2Ftags&post=52497"}],"curies":[{"name":"wp","href":"https:\/\/api.w.org\/{rel}","templated":true}]}}