{"id":52490,"date":"2015-02-12T11:10:15","date_gmt":"2015-02-12T14:10:15","guid":{"rendered":"http:\/\/aconteceunovale.com.br\/portal\/?p=52490"},"modified":"2015-02-12T11:10:15","modified_gmt":"2015-02-12T14:10:15","slug":"copasa-e-cemig-informam-sobre-esquema-de-atendimento-durante-o-carnaval","status":"publish","type":"post","link":"https:\/\/aconteceunovale.com.br\/portal\/?p=52490","title":{"rendered":"Copasa e Cemig informam sobre esquema de atendimento durante o carnaval"},"content":{"rendered":"<h4><strong><em>Empresas manter\u00e3o sistema de plant\u00e3o para atender todos os chamados durante o feriado prolongado<\/em><\/strong><\/h4>\n<p>As equipes de atendimento da\u00a0<a href=\"http:\/\/copasa.com.br\/\" target=\"_blank\">Copasa<\/a>\u00a0v\u00e3o trabalhar em regime de plant\u00e3o 24 horas durante o feriado de carnaval para garantir a normalidade da produ\u00e7\u00e3o de \u00e1gua, coleta e tratamento de esgoto, al\u00e9m dos servi\u00e7os emergenciais como corre\u00e7\u00e3o de vazamentos, manuten\u00e7\u00e3o em redes, entre outros.<\/p>\n<p>As solicita\u00e7\u00f5es de servi\u00e7os poder\u00e3o ser feitas normalmente pelo telefone 115 ou pela Ag\u00eancia Virtual, dispon\u00edvel no site da empresa (<a href=\"http:\/\/www.copasa.com.br\/\">www.copasa.com.br<\/a>). As atividades administrativas, incluindo os servi\u00e7os prestados nas Ag\u00eancias de Atendimento ao cliente, ser\u00e3o retomadas na quinta-feira (19\/2).<\/p>\n<p>A<a href=\"http:\/\/cemig.com.br\/\" target=\"_blank\">\u00a0Cemig\u00a0<\/a>informa que, em virtude do carnaval, as ag\u00eancias e postos de atendimento da empresa n\u00e3o funcionar\u00e3o nos dias 16 e 17 de fevereiro, segunda e ter\u00e7a-feira, respectivamente. Nesses dias, solicita\u00e7\u00f5es de servi\u00e7os e reclama\u00e7\u00f5es poder\u00e3o ser feitas pelo Fale com a Cemig, no telefone 116. Esse servi\u00e7o funciona 24 horas e a liga\u00e7\u00e3o \u00e9 gratuita.<\/p>\n<p>A Ag\u00eancia Virtual, dispon\u00edvel no Portal Cemig, tamb\u00e9m oferece diversos servi\u00e7os. Pelo celular, tamb\u00e9m \u00e9 poss\u00edvel comunicar falta de energia, consultar \u00faltima fatura vencida n\u00e3o paga ou enviar leitura com mensagens de texto (SMS) para o n\u00famero 29810. O servi\u00e7o \u00e9 gratuito.\u00a0 As ag\u00eancias e postos de atendimento da Cemig voltam a funcionar na Quarta-Feira de Cinzas (18\/2), a partir do meio-dia.<\/p>\n<h4><strong>Previs\u00e3o do tempo<\/strong><\/h4>\n<p>Entre os dias 14 e 18 de fevereiro, uma frente fria provocar\u00e1 chuvas em boa parte do Estado, sendo que os maiores volumes acumulados v\u00e3o ocorrer no Sul de Minas e Zona da Mata, e, com menor intensidade, todas as regi\u00f5es dever\u00e3o ser atingidas.<\/p>\n<h4><strong>Capital e RMBH<\/strong><\/h4>\n<p>Em Belo Horizonte e Regi\u00e3o Metropolitana, h\u00e1 possibilidade de chuvas desde o final do domingo (15\/2) at\u00e9 a Quarta-Feira de Cinzas (18\/2). Os maiores volumes acumulados de chuva est\u00e3o previstos para os dias 17 e 18, principalmente no per\u00edodo da tarde e noite. As temperaturas podem variar entre 17 e 30\u00b0C, no fim de semana, e entre 19 e 27\u00b0C nos demais dias.<\/p>\n<h4><strong>Interior<\/strong><\/h4>\n<p>No Tri\u00e2ngulo e Sul de Minas, est\u00e3o previstas chuvas acompanhadas de raios e rajadas de vento forte. Na segunda (16\/2), devido ao deslocamento da frente fria, s\u00e3o esperadas tamb\u00e9m chuvas nas regi\u00f5es da Zona da Mata, Noroeste, Central e Oeste.<\/p>\n<p>Na ter\u00e7a-feira (17\/2) s\u00e3o esperadas pancadas de chuva em todas as regi\u00f5es, com os maiores volumes acumulados ocorrendo nas regi\u00f5es Central, Oeste e Vale do Rio Doce. Na Quarta-Feira de Cinzas, as chuvas deslocam-se para o norte, provocando pancadas com volumes acumulados significativos no Noroeste, Norte de Minas e Vales do Jequitinhonha e Mucuri.<\/p>\n<p>As temperaturas ficam abaixo dos 30\u00b0C na maior parte do Estado, mas, na faixa norte e em partes do Tri\u00e2ngulo Mineiro, as temperaturas podem passar dos 35\u00b0C. J\u00e1 no Sul de Minas e na Zona da Mata, as temperaturas ficar\u00e3o abaixo dos 27\u00b0C na maior parte do carnaval. No Vale do Rio Doce podem ocorrer temperaturas acima dos 34\u00b0C no fim de semana e abaixo dos 30\u00b0C na ter\u00e7a e quarta de pr\u00f3xima semana.<\/p>\n<h4><strong>Cidades hist\u00f3ricas<\/strong><\/h4>\n<p>Em Tiradentes e S\u00e3o Jo\u00e3o del-Rei, o feriado ser\u00e1 de temperaturas amenas e com chuvas, quando as temperaturas m\u00e1ximas n\u00e3o passam dos 26\u00b0C, principalmente entre os dias 16 e 18.<\/p>\n<p>J\u00e1 em Ouro Preto e Mariana, a previs\u00e3o tamb\u00e9m \u00e9 de chuvas, mas as temperaturas podem passar dos 27\u00b0C. Em Diamantina, chuvas significativas est\u00e3o previstas para os dias 17 e 18, com temperaturas m\u00e1ximas podendo passar dos 28\u00b0C.<\/p>\n<h4><strong>Litoral<\/strong><\/h4>\n<p>No litoral do Rio de Janeiro, o feriado dever\u00e1 ser de c\u00e9u com muitas nuvens e chuvas a qualquer hora do dia, principalmente a partir do domingo, diminuindo na Quarta-Feira de Cinzas. Nos litorais do Esp\u00edrito Santo e do Sul da Bahia n\u00e3o h\u00e1 previs\u00e3o de chuvas significativas em boa parte do carnaval, mas na ter\u00e7a e quarta-feira da pr\u00f3xima semana podem ocorrer pancadas fortes.<\/p>\n<p>No Esp\u00edrito Santo e Sul da Bahia, as temperaturas m\u00e1ximas ficar\u00e3o acima dos 33\u00b0C. Na maior parte do Rio de Janeiro, a previs\u00e3o \u00e9 que a temperatura permane\u00e7a abaixo dos 28\u00b0C. (Ag\u00eancia Minas)<\/p>\n","protected":false},"excerpt":{"rendered":"<p>Empresas manter\u00e3o sistema de plant\u00e3o para atender todos os chamados durante o feriado prolongado As equipes de atendimento da\u00a0Copasa\u00a0v\u00e3o trabalhar em regime de plant\u00e3o 24 horas durante o feriado de carnaval para garantir a normalidade da produ\u00e7\u00e3o de \u00e1gua, coleta e tratamento de esgoto, al\u00e9m dos servi\u00e7os emergenciais como corre\u00e7\u00e3o de vazamentos, manuten\u00e7\u00e3o em redes, [&hellip;]<\/p>\n","protected":false},"author":1,"featured_media":52491,"comment_status":"open","ping_status":"closed","sticky":false,"template":"","format":"standard","meta":{"amp_status":"","footnotes":""},"categories":[123],"tags":[33303,33302,4108,29700,33214,33304,347,33300,179,33299,33301,33305,33306,33307,33308],"class_list":["post-52490","post","type-post","status-publish","format-standard","has-post-thumbnail","hentry","category-gerais","tag-atendimento-da-cemig-durante-o-carnaval","tag-atendimento-da-copasa-durante-o-carnaval","tag-carnaval","tag-carnaval-2015","tag-carnaval-cemig","tag-carnaval-copasa","tag-cemig","tag-cemig-informa-sobre-esquema-de-atendimento-durante-o-carnaval","tag-copasa","tag-copasa-e-cemig-informam-sobre-esquema-de-atendimento-durante-o-carnaval","tag-copasa-informa-sobre-esquema-de-atendimento-durante-o-carnaval","tag-previsao-do-tempo-para-o-carnaval","tag-previsao-do-tempo-para-o-carnaval-2015","tag-tempo-no-carnaval","tag-tempo-no-carnaval-2015"],"_links":{"self":[{"href":"https:\/\/aconteceunovale.com.br\/portal\/index.php?rest_route=\/wp\/v2\/posts\/52490","targetHints":{"allow":["GET"]}}],"collection":[{"href":"https:\/\/aconteceunovale.com.br\/portal\/index.php?rest_route=\/wp\/v2\/posts"}],"about":[{"href":"https:\/\/aconteceunovale.com.br\/portal\/index.php?rest_route=\/wp\/v2\/types\/post"}],"author":[{"embeddable":true,"href":"https:\/\/aconteceunovale.com.br\/portal\/index.php?rest_route=\/wp\/v2\/users\/1"}],"replies":[{"embeddable":true,"href":"https:\/\/aconteceunovale.com.br\/portal\/index.php?rest_route=%2Fwp%2Fv2%2Fcomments&post=52490"}],"version-history":[{"count":0,"href":"https:\/\/aconteceunovale.com.br\/portal\/index.php?rest_route=\/wp\/v2\/posts\/52490\/revisions"}],"wp:featuredmedia":[{"embeddable":true,"href":"https:\/\/aconteceunovale.com.br\/portal\/index.php?rest_route=\/wp\/v2\/media\/52491"}],"wp:attachment":[{"href":"https:\/\/aconteceunovale.com.br\/portal\/index.php?rest_route=%2Fwp%2Fv2%2Fmedia&parent=52490"}],"wp:term":[{"taxonomy":"category","embeddable":true,"href":"https:\/\/aconteceunovale.com.br\/portal\/index.php?rest_route=%2Fwp%2Fv2%2Fcategories&post=52490"},{"taxonomy":"post_tag","embeddable":true,"href":"https:\/\/aconteceunovale.com.br\/portal\/index.php?rest_route=%2Fwp%2Fv2%2Ftags&post=52490"}],"curies":[{"name":"wp","href":"https:\/\/api.w.org\/{rel}","templated":true}]}}