{"id":52484,"date":"2015-02-12T10:40:34","date_gmt":"2015-02-12T13:40:34","guid":{"rendered":"http:\/\/aconteceunovale.com.br\/portal\/?p=52484"},"modified":"2015-02-12T10:40:56","modified_gmt":"2015-02-12T13:40:56","slug":"previsao-do-tempo-para-minas-gerais-nesta-quinta-feira-12-de-fevereiro","status":"publish","type":"post","link":"https:\/\/aconteceunovale.com.br\/portal\/?p=52484","title":{"rendered":"Previs\u00e3o do tempo para Minas Gerais nesta quinta-feira, 12 de fevereiro"},"content":{"rendered":"<h4><em><strong>Predom\u00ednio de sol na maior parte do Estado de Minas Gerais.<\/strong><\/em><\/h4>\n<p>Nesta quinta-feira (12\/2), o tempo ser\u00e1 de predom\u00ednio de sol na maior parte das mesorregi\u00f5es do Estado. Possibilidade de chuvas isoladas, a partir da tarde, no Tri\u00e2ngulo Mineiro e Oeste. Na Regi\u00e3o Metropolitana de Belo Horizonte, predom\u00ednio de sol e temperaturas acima de 30\u00b0C. Na Capital, c\u00e9u claro e poucas nuvens, a partir da tarde. Temperatura m\u00ednima registrada de 20\u00b0C e, a m\u00e1xima esperada ser\u00e1 de 31\u00b0C.<\/p>\n","protected":false},"excerpt":{"rendered":"<p>Predom\u00ednio de sol na maior parte do Estado de Minas Gerais. Nesta quinta-feira (12\/2), o tempo ser\u00e1 de predom\u00ednio de sol na maior parte das mesorregi\u00f5es do Estado. Possibilidade de chuvas isoladas, a partir da tarde, no Tri\u00e2ngulo Mineiro e Oeste. Na Regi\u00e3o Metropolitana de Belo Horizonte, predom\u00ednio de sol e temperaturas acima de 30\u00b0C. [&hellip;]<\/p>\n","protected":false},"author":1,"featured_media":51728,"comment_status":"open","ping_status":"closed","sticky":false,"template":"","format":"standard","meta":{"amp_status":"","footnotes":""},"categories":[123],"tags":[33283,1956,1839,29257,33284],"class_list":["post-52484","post","type-post","status-publish","format-standard","has-post-thumbnail","hentry","category-gerais","tag-12-de-fevereiro","tag-previsao-do-tempo","tag-previsao-do-tempo-para-minas-gerais","tag-previsao-do-tempo-para-minas-gerais-nesta-quinta-feira","tag-previsao-do-tempo-para-minas-gerais-nesta-quinta-feira-12-de-fevereiro"],"_links":{"self":[{"href":"https:\/\/aconteceunovale.com.br\/portal\/index.php?rest_route=\/wp\/v2\/posts\/52484","targetHints":{"allow":["GET"]}}],"collection":[{"href":"https:\/\/aconteceunovale.com.br\/portal\/index.php?rest_route=\/wp\/v2\/posts"}],"about":[{"href":"https:\/\/aconteceunovale.com.br\/portal\/index.php?rest_route=\/wp\/v2\/types\/post"}],"author":[{"embeddable":true,"href":"https:\/\/aconteceunovale.com.br\/portal\/index.php?rest_route=\/wp\/v2\/users\/1"}],"replies":[{"embeddable":true,"href":"https:\/\/aconteceunovale.com.br\/portal\/index.php?rest_route=%2Fwp%2Fv2%2Fcomments&post=52484"}],"version-history":[{"count":0,"href":"https:\/\/aconteceunovale.com.br\/portal\/index.php?rest_route=\/wp\/v2\/posts\/52484\/revisions"}],"wp:featuredmedia":[{"embeddable":true,"href":"https:\/\/aconteceunovale.com.br\/portal\/index.php?rest_route=\/wp\/v2\/media\/51728"}],"wp:attachment":[{"href":"https:\/\/aconteceunovale.com.br\/portal\/index.php?rest_route=%2Fwp%2Fv2%2Fmedia&parent=52484"}],"wp:term":[{"taxonomy":"category","embeddable":true,"href":"https:\/\/aconteceunovale.com.br\/portal\/index.php?rest_route=%2Fwp%2Fv2%2Fcategories&post=52484"},{"taxonomy":"post_tag","embeddable":true,"href":"https:\/\/aconteceunovale.com.br\/portal\/index.php?rest_route=%2Fwp%2Fv2%2Ftags&post=52484"}],"curies":[{"name":"wp","href":"https:\/\/api.w.org\/{rel}","templated":true}]}}