{"id":52468,"date":"2015-02-11T21:46:42","date_gmt":"2015-02-12T00:46:42","guid":{"rendered":"http:\/\/aconteceunovale.com.br\/portal\/?p=52468"},"modified":"2015-02-12T11:45:32","modified_gmt":"2015-02-12T14:45:32","slug":"carro-bate-em-arvore-e-mata-motorista-na-br-381-em-belo-oriente","status":"publish","type":"post","link":"https:\/\/aconteceunovale.com.br\/portal\/?p=52468","title":{"rendered":"Carro bate em \u00e1rvore e mata motorista na BR-381, em Belo Oriente"},"content":{"rendered":"<h4><strong><em>V\u00edtimas ficaram presas \u00e0s ferragens. Duas pessoas foram socorridas ao Hospital M\u00e1rcio Cunha, em Ipatinga.<\/em><\/strong><\/h4>\n<p>Uma pessoa morreu e duas ficaram feridas em um acidente no final da tarde desta quarta-feira, 11 de fevereiro, na BR-381, em frente a Cenibra, no munic\u00edpio de Belo Oriente, no Vale do Rio Doce. O ve\u00edculo saiu da pista no km 21 e bateu em uma \u00e1rvore. A Pol\u00edcia Rodovi\u00e1ria Federal (PRF) ainda apura as causas do acidente. O tr\u00e2nsito na rodovia ficou lento para o atendimento \u00e0s v\u00edtimas.<\/p>\n<p>De acordo com o Corpo de Bombeiros, a Parati, placa HBR-4103 de Governador Valadares, seguia pela rodovia quando o motorista perdeu o controle da dire\u00e7\u00e3o. O ve\u00edculo saiu da pista e bateu em uma \u00e1rvore. <\/p>\n<p>Com o impacto da batida, o condutor Jo\u00e3o Lanes, n\u00e3o resistiu aos ferimentos e morreu no local. Militares do Corpo de Bombeiros retiraram \u00e0s v\u00edtimas do autom\u00f3vel e as deixaram sob os cuidados do Servi\u00e7o de Atendimento M\u00e9dico de Urg\u00eancia (Samu). Os m\u00e9dicos fizeram os primeiros socorros e em seguida levaram Elieth Clara da Costa, de 30 anos, e Leani Gon\u00e7alves, para o Hospital M\u00e1rcio Cunha, em Ipatinga. <\/p>\n<p>O corpo de Jo\u00e3o Lanes foi retirado das ferragens e entregue aos cuidados da Funer\u00e1ria Para\u00edso que o levara para o Instituto M\u00e9dico Legal (IML) de Ipatinga.<\/p>\n<p><img decoding=\"async\" src=\"http:\/\/aconteceunovale.com.br\/portal\/wp-content\/uploads\/2015\/02\/acidente_381_bo_1.jpg\" alt=\"\" \/><img decoding=\"async\" src=\"http:\/\/aconteceunovale.com.br\/portal\/wp-content\/uploads\/2015\/02\/acidente_381_bo_2.jpg\" alt=\"\" \/><img decoding=\"async\" src=\"http:\/\/aconteceunovale.com.br\/portal\/wp-content\/uploads\/2015\/02\/acidente_381_bo_3.jpg\" alt=\"\" \/><em>(Fotos: Internautas\/Enviadas para o WhatsApp do Aconteceu no Vale &#8211; Fonte: Estado de Minas)<\/em><\/p>\n","protected":false},"excerpt":{"rendered":"<p>V\u00edtimas ficaram presas \u00e0s ferragens. Duas pessoas foram socorridas ao Hospital M\u00e1rcio Cunha, em Ipatinga. Uma pessoa morreu e duas ficaram feridas em um acidente no final da tarde desta quarta-feira, 11 de fevereiro, na BR-381, em frente a Cenibra, no munic\u00edpio de Belo Oriente, no Vale do Rio Doce. O ve\u00edculo saiu da pista [&hellip;]<\/p>\n","protected":false},"author":1,"featured_media":52501,"comment_status":"open","ping_status":"closed","sticky":false,"template":"","format":"standard","meta":{"amp_status":"","footnotes":""},"categories":[123],"tags":[33265,16176,350,33263,33261,33262,33268,247,201,33267,33269,33266],"class_list":["post-52468","post","type-post","status-publish","format-standard","has-post-thumbnail","hentry","category-gerais","tag-acidente-com-parati-de-governador-valadares","tag-acidente-em-belo-oriente","tag-belo-oriente","tag-carro-bate-em-arvore-e-mata-motorista-em-belo-oriente","tag-carro-bate-em-arvore-e-mata-motorista-na-br-381","tag-carro-bate-em-arvore-e-mata-motorista-na-br-381-em-belo-oriente","tag-elieth-clara-da-costa","tag-governador-valadares","tag-ipatinga","tag-joao-lanes","tag-leani-goncalves","tag-parati-placa-hbr-4103-de-governador-valadares"],"_links":{"self":[{"href":"https:\/\/aconteceunovale.com.br\/portal\/index.php?rest_route=\/wp\/v2\/posts\/52468","targetHints":{"allow":["GET"]}}],"collection":[{"href":"https:\/\/aconteceunovale.com.br\/portal\/index.php?rest_route=\/wp\/v2\/posts"}],"about":[{"href":"https:\/\/aconteceunovale.com.br\/portal\/index.php?rest_route=\/wp\/v2\/types\/post"}],"author":[{"embeddable":true,"href":"https:\/\/aconteceunovale.com.br\/portal\/index.php?rest_route=\/wp\/v2\/users\/1"}],"replies":[{"embeddable":true,"href":"https:\/\/aconteceunovale.com.br\/portal\/index.php?rest_route=%2Fwp%2Fv2%2Fcomments&post=52468"}],"version-history":[{"count":0,"href":"https:\/\/aconteceunovale.com.br\/portal\/index.php?rest_route=\/wp\/v2\/posts\/52468\/revisions"}],"wp:featuredmedia":[{"embeddable":true,"href":"https:\/\/aconteceunovale.com.br\/portal\/index.php?rest_route=\/wp\/v2\/media\/52501"}],"wp:attachment":[{"href":"https:\/\/aconteceunovale.com.br\/portal\/index.php?rest_route=%2Fwp%2Fv2%2Fmedia&parent=52468"}],"wp:term":[{"taxonomy":"category","embeddable":true,"href":"https:\/\/aconteceunovale.com.br\/portal\/index.php?rest_route=%2Fwp%2Fv2%2Fcategories&post=52468"},{"taxonomy":"post_tag","embeddable":true,"href":"https:\/\/aconteceunovale.com.br\/portal\/index.php?rest_route=%2Fwp%2Fv2%2Ftags&post=52468"}],"curies":[{"name":"wp","href":"https:\/\/api.w.org\/{rel}","templated":true}]}}