{"id":52461,"date":"2015-02-11T21:03:30","date_gmt":"2015-02-12T00:03:30","guid":{"rendered":"http:\/\/aconteceunovale.com.br\/portal\/?p=52461"},"modified":"2015-02-11T21:03:30","modified_gmt":"2015-02-12T00:03:30","slug":"chuva-transforma-estrada-entre-senhora-do-porto-e-dom-joaquim-em-atoleiro","status":"publish","type":"post","link":"https:\/\/aconteceunovale.com.br\/portal\/?p=52461","title":{"rendered":"Chuva transforma estrada entre Senhora do Porto e Dom Joaquim em atoleiro"},"content":{"rendered":"<h4><em><strong>Carros que atolam no trecho est\u00e3o sendo empurrados por trator da prefeitura de Dom Joaquim.<\/strong><\/em><\/h4>\n<p>Usu\u00e1rios da MG-229, estrada de terra que liga Senhora do Porto a Dom Joaquim, vivenciam desde a \u00faltima quinta-feira (5), mais um capitulo de uma novela que n\u00e3o parece ter fim.<\/p>\n<p>Para quem achava que n\u00e3o tinha como piorar a p\u00e9ssima situa\u00e7\u00e3o nos 26 km desse trecho, que h\u00e1 anos se tornou alvo constante de reclama\u00e7\u00f5es devido aos gargalhos que v\u00e3o desde m\u00e1s condi\u00e7\u00f5es, sinaliza\u00e7\u00e3o e falta de visibilidade devido ao fluxo intenso de ve\u00edculos, se surpreendeu com a chegada das fortes chuvas na \u00faltima semana.<\/p>\n<p><img decoding=\"async\" src=\"http:\/\/aconteceunovale.com.br\/portal\/wp-content\/uploads\/2015\/02\/estrada_dom_joaquim_sp_2.jpg\" alt=\"\" \/><em>Carros que atolam no trecho est\u00e3o sendo empurrados por trator da prefeitura de Dom Joaquim &#8211; Foto: Divulga\u00e7\u00e3o \/ Prefeitura Municipal de Dom Joaquim<\/em><br \/>\n<\/br><\/p>\n<p>Na tarde dessa ter\u00e7a-feira (10), o secret\u00e1rio de obras de Dom Joaquim, F\u00e1bio L\u00facio Pires Figueiredo, divulgou fotos mostrando a situa\u00e7\u00e3o da estrada. Segundo o secret\u00e1rio a via est\u00e1 interditada com v\u00e1rios pontos de atoleiro e \u00e1rvores ca\u00eddas impossibilitando o tr\u00e1fego de carros, \u00f4nibus, motos e caminh\u00f5es. \u201cInclusive a Via\u00e7\u00e3o Serro, companhia de \u00f4nibus j\u00e1 suspendeu a linha que faz o trajeto\u201d, comentou.<\/p>\n<p>\u201cEstamos pedindo socorro. Nada est\u00e1 passando, os v\u00e1rios carros e caminh\u00f5es que est\u00e3o ficando atolados est\u00e3o sendo puxados por um trator da prefeitura. A ambul\u00e2ncia que leva os pacientes daqui para Guanh\u00e3es, n\u00e3o est\u00e1 saindo, e em caso de urg\u00eancia s\u00f3 puxando\u201d, desabafou informando ainda que o munic\u00edpio j\u00e1 n\u00e3o consegue realizar o transporte da coleta de lixo para a usina de compostagem que fica localizada a beira da estrada a cerca de 7 km desse trecho.<\/p>\n<p>Ainda segundo F\u00e1bio, na tarde de segunda-feira (9), ele juntamente com o Prefeito de Dom Joaquim, Joraci Madureira, se reuniram com o Coordenador da 2\u00aa CRG \u2013 DER\/MG, Carlos Fernando Ferrarezzi Guimar\u00e3es, e protocolizaram mais um of\u00edcio. Mas, para a preocupa\u00e7\u00e3o dos mesmos, obtiveram verbalmente como resposta, que o Estado est\u00e1 no per\u00edodo de transi\u00e7\u00e3o, n\u00e3o havendo recursos para a realiza\u00e7\u00e3o dos reparos.<\/p>\n<p>Em nota divulgada pela prefeitura em sua p\u00e1gina no Facebook, foi esclarecido ainda que o munic\u00edpio \u201cn\u00e3o concorda com essa afirma\u00e7\u00e3o, uma vez que somos testemunhas que esse trecho n\u00e3o tem recebido a manuten\u00e7\u00e3o que n\u00f3s entendemos necess\u00e1rias h\u00e1 muito tempo. Por uma quest\u00e3o de compet\u00eancia e de responsabilidade fiscal, o munic\u00edpio de Dom Joaquim n\u00e3o pode realizar os reparos necess\u00e1rios, por se tratar de compet\u00eancia Estadual\u201d.<\/p>\n<p>De acordo com o Procurador do munic\u00edpio de Dom Joaquim, Cristiano Silva de Paula, o preju\u00edzo vai al\u00e9m da interdi\u00e7\u00e3o do trecho. \u201cAl\u00e9m dos preju\u00edzos com carros que quebram com frequ\u00eancia, devido as grandes crateras existentes e poeira na \u00e9poca da seca, com as chuvas a situa\u00e7\u00e3o se agrava. O munic\u00edpio faz parte do consorcio de sa\u00fade de Guanh\u00e3es, e utilizamos a estrada para o transporte de pacientes ao hospital\u201d, declarou.<\/p>\n<p>O procurador ainda alertou \u201cse a chuva permanecer, o transporte escolar dos distritos de Dom Joaquim estar\u00e1 comprometido\u201d.<\/p>\n<h4>Retorno <\/h4>\n<p>No final do ano passado o coordenador da 2\u00aa Coordenadoria Regional de Guanh\u00e3es DER\/MG, o engenheiro Carlos Fernando Ferrarezi, divulgou que a coordenadoria conseguiu uma verba para conserva\u00e7\u00e3o da estrada para o per\u00edodo chuvoso, e que as interven\u00e7\u00f5es foram realizadas, objetivando que os 26 km pudessem ficar transit\u00e1veis.<\/p>\n<h4>Asfaltamento<\/h4>\n<p>Sobre o projeto de asfaltamento desse trecho, que at\u00e9 ent\u00e3o, fazia parte do programa \u201cCaminhos de Minas\u201d, Ferrarezi informou que estava em fase final, por\u00e9m n\u00e3o chegou a ser conclu\u00eddo. Ele acredita que, al\u00e9m de tempo h\u00e1bil, devido \u00e0s elei\u00e7\u00f5es 2014, teria faltado recursos financeiros por parte do governo, para finalizar o projeto e iniciar as obras.<\/p>\n<p>Com a chegada de um novo governo em Minas, o coordenador acredita que, \u00e9 preciso esperar para saber quais ser\u00e3o as prioridades da nova diretoria, e por consequ\u00eancia, qual ser\u00e1 o futuro desse trecho.<\/p>\n<p><img decoding=\"async\" src=\"http:\/\/aconteceunovale.com.br\/portal\/wp-content\/uploads\/2015\/02\/estrada_dom_joaquim_sp_5.jpg\" alt=\"\" \/><img decoding=\"async\" src=\"http:\/\/aconteceunovale.com.br\/portal\/wp-content\/uploads\/2015\/02\/estrada_dom_joaquim_sp_1.jpg\" alt=\"\" \/><img decoding=\"async\" src=\"http:\/\/aconteceunovale.com.br\/portal\/wp-content\/uploads\/2015\/02\/estrada_dom_joaquim_sp_3.jpg\" alt=\"\" \/><img decoding=\"async\" src=\"http:\/\/aconteceunovale.com.br\/portal\/wp-content\/uploads\/2015\/02\/estrada_dom_joaquim_sp_4.jpg\" alt=\"\" \/><em><strong>(Fotos: Prefeitura de Dom Joaquim \/ Fonte: R\u00e1dio Folha de Guanh\u00e3es)<\/strong><\/em><\/p>\n","protected":false},"excerpt":{"rendered":"<p>Carros que atolam no trecho est\u00e3o sendo empurrados por trator da prefeitura de Dom Joaquim. Usu\u00e1rios da MG-229, estrada de terra que liga Senhora do Porto a Dom Joaquim, vivenciam desde a \u00faltima quinta-feira (5), mais um capitulo de uma novela que n\u00e3o parece ter fim. Para quem achava que n\u00e3o tinha como piorar a [&hellip;]<\/p>\n","protected":false},"author":1,"featured_media":52466,"comment_status":"open","ping_status":"closed","sticky":false,"template":"","format":"standard","meta":{"amp_status":"","footnotes":""},"categories":[121],"tags":[33258,33260,33259,775,33255,155,33257,33256,326],"class_list":["post-52461","post","type-post","status-publish","format-standard","has-post-thumbnail","hentry","category-leste","tag-carlos-fernando-ferrarezzi-guimaraes","tag-chuva-transforma-estrada-entre-senhora-do-porto-e-dom-joaquim-em-atoleiro","tag-cristiano-silva-de-paula","tag-dom-joaquim","tag-fabio-lucio-pires-figueiredo","tag-guanhaes","tag-joraci-madureira","tag-prefeito-de-dom-joaquim","tag-senhora-do-porto"],"_links":{"self":[{"href":"https:\/\/aconteceunovale.com.br\/portal\/index.php?rest_route=\/wp\/v2\/posts\/52461","targetHints":{"allow":["GET"]}}],"collection":[{"href":"https:\/\/aconteceunovale.com.br\/portal\/index.php?rest_route=\/wp\/v2\/posts"}],"about":[{"href":"https:\/\/aconteceunovale.com.br\/portal\/index.php?rest_route=\/wp\/v2\/types\/post"}],"author":[{"embeddable":true,"href":"https:\/\/aconteceunovale.com.br\/portal\/index.php?rest_route=\/wp\/v2\/users\/1"}],"replies":[{"embeddable":true,"href":"https:\/\/aconteceunovale.com.br\/portal\/index.php?rest_route=%2Fwp%2Fv2%2Fcomments&post=52461"}],"version-history":[{"count":0,"href":"https:\/\/aconteceunovale.com.br\/portal\/index.php?rest_route=\/wp\/v2\/posts\/52461\/revisions"}],"wp:featuredmedia":[{"embeddable":true,"href":"https:\/\/aconteceunovale.com.br\/portal\/index.php?rest_route=\/wp\/v2\/media\/52466"}],"wp:attachment":[{"href":"https:\/\/aconteceunovale.com.br\/portal\/index.php?rest_route=%2Fwp%2Fv2%2Fmedia&parent=52461"}],"wp:term":[{"taxonomy":"category","embeddable":true,"href":"https:\/\/aconteceunovale.com.br\/portal\/index.php?rest_route=%2Fwp%2Fv2%2Fcategories&post=52461"},{"taxonomy":"post_tag","embeddable":true,"href":"https:\/\/aconteceunovale.com.br\/portal\/index.php?rest_route=%2Fwp%2Fv2%2Ftags&post=52461"}],"curies":[{"name":"wp","href":"https:\/\/api.w.org\/{rel}","templated":true}]}}