{"id":52450,"date":"2015-02-11T20:31:39","date_gmt":"2015-02-11T23:31:39","guid":{"rendered":"http:\/\/aconteceunovale.com.br\/portal\/?p=52450"},"modified":"2015-02-11T20:31:39","modified_gmt":"2015-02-11T23:31:39","slug":"duas-carretas-carregadas-com-carvao-tombam-no-municipio-de-coluna","status":"publish","type":"post","link":"https:\/\/aconteceunovale.com.br\/portal\/?p=52450","title":{"rendered":"Duas carretas carregadas com carv\u00e3o tombam no munic\u00edpio de Coluna"},"content":{"rendered":"<p>Duas carretas carregadas com carv\u00e3o tombaram na MG-117, pr\u00f3ximo a cidade de Coluna, no Vale do Rio Doce. O primeiro acidente aconteceu nessa ter\u00e7a-feira, 10 de fevereiro. Ap\u00f3s o acidente, alguns motoristas come\u00e7aram a usar as margens da rodovia para realizar ultrapassagens, o que acabou provocando o segundo tombamento. N\u00e3o h\u00e1 informa\u00e7\u00f5es sobre feridos.<\/p>\n<p><img decoding=\"async\" src=\"http:\/\/aconteceunovale.com.br\/portal\/wp-content\/uploads\/2015\/02\/acidentes_coluna_117_1.jpg\" alt=\"\" \/><img decoding=\"async\" src=\"http:\/\/aconteceunovale.com.br\/portal\/wp-content\/uploads\/2015\/02\/acidentes_coluna_117_2.jpg\" alt=\"\" \/><img decoding=\"async\" src=\"http:\/\/aconteceunovale.com.br\/portal\/wp-content\/uploads\/2015\/02\/acidentes_coluna_117_3.jpg\" alt=\"\" \/><img decoding=\"async\" src=\"http:\/\/aconteceunovale.com.br\/portal\/wp-content\/uploads\/2015\/02\/acidentes_coluna_117_4.jpg\" alt=\"\" \/><img decoding=\"async\" src=\"http:\/\/aconteceunovale.com.br\/portal\/wp-content\/uploads\/2015\/02\/acidentes_coluna_117_5.jpg\" alt=\"\" \/><img decoding=\"async\" src=\"http:\/\/aconteceunovale.com.br\/portal\/wp-content\/uploads\/2015\/02\/acidentes_coluna_117_6.jpg\" alt=\"\" \/><img decoding=\"async\" src=\"http:\/\/aconteceunovale.com.br\/portal\/wp-content\/uploads\/2015\/02\/acidentes_coluna_117_7.jpg\" alt=\"\" \/><img decoding=\"async\" src=\"http:\/\/aconteceunovale.com.br\/portal\/wp-content\/uploads\/2015\/02\/acidentes_coluna_117_8.jpg\" alt=\"\" \/><img decoding=\"async\" src=\"http:\/\/aconteceunovale.com.br\/portal\/wp-content\/uploads\/2015\/02\/acidentes_coluna_117_9.jpg\" alt=\"\" \/><em><strong>(Fotos e informa\u00e7\u00f5es da R\u00e1dio Vida Nova de Guanh\u00e3es)<\/strong><\/em><\/p>\n","protected":false},"excerpt":{"rendered":"<p>Duas carretas carregadas com carv\u00e3o tombaram na MG-117, pr\u00f3ximo a cidade de Coluna, no Vale do Rio Doce. O primeiro acidente aconteceu nessa ter\u00e7a-feira, 10 de fevereiro. Ap\u00f3s o acidente, alguns motoristas come\u00e7aram a usar as margens da rodovia para realizar ultrapassagens, o que acabou provocando o segundo tombamento. N\u00e3o h\u00e1 informa\u00e7\u00f5es sobre feridos. (Fotos [&hellip;]<\/p>\n","protected":false},"author":1,"featured_media":52451,"comment_status":"open","ping_status":"closed","sticky":false,"template":"","format":"standard","meta":{"amp_status":"","footnotes":""},"categories":[121],"tags":[33253,281,33254,33252],"class_list":["post-52450","post","type-post","status-publish","format-standard","has-post-thumbnail","hentry","category-leste","tag-acidentes-com-carretas-em-coluna","tag-coluna","tag-duas-carretas-carregadas-com-carvao-tombam-no-municipio-de-coluna","tag-duas-carretas-tombam-no-municipio-de-coluna"],"_links":{"self":[{"href":"https:\/\/aconteceunovale.com.br\/portal\/index.php?rest_route=\/wp\/v2\/posts\/52450","targetHints":{"allow":["GET"]}}],"collection":[{"href":"https:\/\/aconteceunovale.com.br\/portal\/index.php?rest_route=\/wp\/v2\/posts"}],"about":[{"href":"https:\/\/aconteceunovale.com.br\/portal\/index.php?rest_route=\/wp\/v2\/types\/post"}],"author":[{"embeddable":true,"href":"https:\/\/aconteceunovale.com.br\/portal\/index.php?rest_route=\/wp\/v2\/users\/1"}],"replies":[{"embeddable":true,"href":"https:\/\/aconteceunovale.com.br\/portal\/index.php?rest_route=%2Fwp%2Fv2%2Fcomments&post=52450"}],"version-history":[{"count":0,"href":"https:\/\/aconteceunovale.com.br\/portal\/index.php?rest_route=\/wp\/v2\/posts\/52450\/revisions"}],"wp:featuredmedia":[{"embeddable":true,"href":"https:\/\/aconteceunovale.com.br\/portal\/index.php?rest_route=\/wp\/v2\/media\/52451"}],"wp:attachment":[{"href":"https:\/\/aconteceunovale.com.br\/portal\/index.php?rest_route=%2Fwp%2Fv2%2Fmedia&parent=52450"}],"wp:term":[{"taxonomy":"category","embeddable":true,"href":"https:\/\/aconteceunovale.com.br\/portal\/index.php?rest_route=%2Fwp%2Fv2%2Fcategories&post=52450"},{"taxonomy":"post_tag","embeddable":true,"href":"https:\/\/aconteceunovale.com.br\/portal\/index.php?rest_route=%2Fwp%2Fv2%2Ftags&post=52450"}],"curies":[{"name":"wp","href":"https:\/\/api.w.org\/{rel}","templated":true}]}}