{"id":52446,"date":"2015-02-11T20:13:09","date_gmt":"2015-02-11T23:13:09","guid":{"rendered":"http:\/\/aconteceunovale.com.br\/portal\/?p=52446"},"modified":"2015-02-11T20:14:31","modified_gmt":"2015-02-11T23:14:31","slug":"tem-uma-minas-gerais-para-todos-os-carnavais","status":"publish","type":"post","link":"https:\/\/aconteceunovale.com.br\/portal\/?p=52446","title":{"rendered":"Tem uma Minas Gerais para todos os carnavais"},"content":{"rendered":"<h4><strong><em>Da agita\u00e7\u00e3o e folia das cidades hist\u00f3ricas ao sossego do turismo rural, estado oferece op\u00e7\u00f5es e alternativas para todos os tipos de foli\u00f5es.<\/em><\/strong><\/h4>\n<p>Em Minas tem carnaval para todos os gostos. Em todas as regi\u00f5es do estado a anima\u00e7\u00e3o est\u00e1 garantida durante os cinco dias de festividade. As op\u00e7\u00f5es v\u00e3o desde a folia das cidades hist\u00f3ricas ao descanso do turismo rural. Dentre os 45 circuitos tur\u00edsticos formatados no Estado, o visitante poder\u00e1 escolher a melhor alternativa para os dias de folga, com a certeza de que ter\u00e1 \u00e0 disposi\u00e7\u00e3o uma gastronomia farta e encantadora, recheada de hist\u00f3ria, tradi\u00e7\u00e3o e bom gosto.<\/p>\n<p><img decoding=\"async\" src=\"http:\/\/aconteceunovale.com.br\/portal\/wp-content\/uploads\/2015\/02\/tem-uma-minas-gerais-para-todos-os-carnavais.jpg\" alt=\"\" \/><em>Desfile da GRES Bate Paus de S\u00e3o Jo\u00e3o del-Rei &#8211; Foto: Acervo\/GRES Bate Paus<\/em><br \/>\n<\/br><\/p>\n<p>Quem procura festa vai encontrar folia e agita\u00e7\u00e3o em Diamantina, Ouro Preto, S\u00e3o Jo\u00e3o del-Rei, Tiradentes, Mariana, Pomp\u00e9u, Abaet\u00e9 e Bonfim, tradicionais destinos do carnaval mineiro. Todos os anos, milhares de pessoas visitam essas cidades em busca da folia dos blocos e shows, subindo e descendo ladeiras. Mas h\u00e1 outras op\u00e7\u00f5es, como Serro, Sabar\u00e1, Bar\u00e3o de Cocais, Santa Luzia, Lagoa Santa, Bom Despacho, Pirapora e Janu\u00e1ria, no Norte de Minas, Concei\u00e7\u00e3o do Mato Dentro, Belo Vale, Itabirito e Po\u00e7os de Caldas.<\/p>\n<p>Para quem curte a natureza, s\u00e3o in\u00fameros os destinos em Minas. Os mais aventureiros encontram grutas, cachoeiras, rios e montanhas, formando o cen\u00e1rio ideal para a pr\u00e1tica do turismo de aventura. O Parque Nacional da Serra do Cip\u00f3, a pouco mais de 100 km de Belo Horizonte, \u00e9 um dos mais importantes do pa\u00eds tanto por sua biodiversidade quanto pelo seu potencial tur\u00edstico. Os parques nacionais da Canastra e do Capara\u00f3 s\u00e3o passeios imperd\u00edveis.<\/p>\n<p>Quem gosta da folia, mas n\u00e3o dispensa o sossego e o descanso, pode se deliciar nas est\u00e2ncias hidrominerais do Circuito Tur\u00edstico das \u00c1guas. Nascentes, fontes, piscinas e balne\u00e1rios das est\u00e2ncias hidrominerais e termais s\u00e3o famosos por suas \u00e1guas de propriedades terap\u00eauticas, que proporcionam bem-estar, sa\u00fade e beleza. Algumas tamb\u00e9m oferecem o carnaval de rua ou bailes em clubes.<\/p>\n<h4><strong>Carnavais mais procurados de Minas Gerais:<\/strong><\/h4>\n<p><strong>&#8211; Diamantina<\/strong><\/p>\n<p>Diamantina, localizada a 292 km da capital mineira, tem a fama de ser um dos melhores carnavais do interior do pa\u00eds. Por suas ruas e ladeiras hist\u00f3ricas desfilam foli\u00f5es de todas as idades ao som das batucadas. Em 2015, o Espa\u00e7o Pra\u00e7a do Mercado unir\u00e1 a tradi\u00e7\u00e3o com a inova\u00e7\u00e3o. Al\u00e9m das tradicionais bandas que simbolizam o carnaval da cidade, Bartucada e Bat Caverna, artistas nacionalmente conhecidos tamb\u00e9m se apresentar\u00e3o no grande palco montado no local.<\/p>\n<p>J\u00e1 est\u00e3o confirmadas as bandas Samb\u00f4, J.Quest, Biquini Cavad\u00e3o, Inimigos da HP, Wilson Sideral, Samira Lima e Gleison T\u00falio.<\/p>\n<p>Site:<a href=\"http:\/\/%20www.carnavaldiamantinamg.com.br\/\" target=\"_blank\">\u00a0www.carnavaldiamantinamg.com.br<\/a><\/p>\n<p><strong>&#8211; Ouro Preto<\/strong><\/p>\n<p>O carnaval de Ouro Preto se destaca como um dos principais carnavais de rua de Minas Gerais, tendo nos desfiles de escolas de samba, nas dezenas de blocos caricatos, nos bailes em pra\u00e7as p\u00fablicas, nas bandas de marchinhas e frevos e nas tradicionais festas nas rep\u00fablicas estudantis o ponto alto da anima\u00e7\u00e3o dos foli\u00f5es.<\/p>\n<p>O Clube dos Lacaios, criado em 1867 pelos empregados do Pal\u00e1cio dos Governadores da Prov\u00edncia de Minas Gerais, \u00e9 o mais antigo bloco carnavalesco em atividade no carnaval brasileiro.<\/p>\n<p>Local: Pra\u00e7a Tiradentes, Largo Orlando Tr\u00f3pia, Largo do Cinema, Espa\u00e7o Candongueiro, Espa\u00e7o Folia<\/p>\n<p>Site:\u00a0<a href=\"http:\/\/www.ouropreto.mg.gov.br\/\" target=\"_blank\">www.ouropreto.mg.gov.br<\/a><\/p>\n<p><strong>&#8211; S\u00e3o Jo\u00e3o del-Rei<\/strong><\/p>\n<p>Em S\u00e3o Jo\u00e3o del-Rei, a 185 Km de Belo Horizonte, a folia dos blocos come\u00e7ou no dia 7 de fevereiro e vai at\u00e9 o dia 17, tanto na cidade quanto nos distritos. Est\u00e3o previstos desfiles dos blocos, concurso de marchinhas, a estreia do Concurso de Fantasias, o Carnaval de Antigamente e desfiles de escolas de samba em diferentes pontos da cidade hist\u00f3rica do Campo das Vertentes.<\/p>\n<p>Site:\u00a0<a href=\"http:\/\/www.saojoaodelrei.mg.gov.br\/\" target=\"_blank\">www.saojoaodelrei.mg.gov.br<\/a><\/p>\n<p><strong>&#8211; Mariana<\/strong><\/p>\n<p>Em Mariana, primeira vila, cidade e capital de Minas Gerais, a 110 km de Belo Horizonte, a folia \u00e9 movida pela tradi\u00e7\u00e3o, magia e anima\u00e7\u00e3o. A cidade hist\u00f3rica prepara um dos melhores carnavais do nosso estado e espera milhares de turistas nos quatro dias de alegria. L\u00e1, os foli\u00f5es poder\u00e3o reviver a nostalgia de um tempo em que fam\u00edlias iam brincar embaladas por velhas cantigas como \u201cMam\u00e3e eu quero\u201d, \u201cCabeleira do Zez\u00e9\u201d e \u201cChiquita Bacana\u201d.<\/p>\n<p>Tudo em clima de alegria, cultura e paz. Preparou-se um carnaval familiar, com espa\u00e7o para as crian\u00e7as, jovens, adultos e melhor idade. Apresenta\u00e7\u00e3o de bandas locais e dos encantadores catit\u00f5es do Z\u00e9 Pereira da Ch\u00e1cara. O p\u00fablico tamb\u00e9m pode cair no samba e no ax\u00e9 com o shows de bandas renomadas. S\u00e3o muitas atra\u00e7\u00f5es, transformando os quatro dias de folia em pura anima\u00e7\u00e3o, em harmonia com a cidade e a sua cultura.<\/p>\n<p>Site:\u00a0<a href=\"http:\/\/www.carnaval2015.pmmariana.com.br\/\" target=\"_blank\">http:\/\/www.carnaval2015.pmmariana.com.br\/<\/a><\/p>\n<p><strong>&#8211; Bonfim<\/strong><\/p>\n<p>A cidade de Bonfim \u00e9 conhecida pelo seu tradicional Carnaval a Cavalo. Desfiles de cavaleiros e blocos colorem as ruas da cidade. Al\u00e9m disso, shows na pra\u00e7a principal da cidade est\u00e3o previstos na programa\u00e7\u00e3o.<\/p>\n<p>Site:\u00a0<a href=\"http:\/\/www.prefeiturabonfim.mg.gov.br\/\" target=\"_blank\">www.prefeiturabonfim.mg.gov.br<\/a><\/p>\n<p><strong>&#8211; Abaet\u00e9<\/strong><\/p>\n<p>A prefeitura municipal realiza esse ano uma festa nos mesmos moldes dos anteriores para manter Abaet\u00e9 no patamar dos melhores carnavais do estado. No palco da Pra\u00e7a Dr. Conuto se apresentar\u00e3o cinco bandas, al\u00e9m da presen\u00e7a de Trio El\u00e9trico HP2. Para garantir a seguran\u00e7a e tranquilidade dos foli\u00f5es, a prefeitura contar\u00e1 com seguran\u00e7a particular e refor\u00e7o da Pol\u00edcia Militar.<\/p>\n<p>Site: <a href=\"http:\/\/abaete.mg.gov.br\/portal\/carnaval-2015-em-abaete-venha-para-o-melhor-carnaval-de-minasgerais\/\">abaete.mg.gov.br\/portal\/carnaval-2015-em-abaete-venha-para-o-melhor-carnaval-de-minasgerais\/<\/a><\/p>\n<p><strong>&#8211; Pomp\u00e9u<\/strong><\/p>\n<p>Um dos maiores eventos do g\u00eanero do estado de Minas Gerais. S\u00e3o esperados mais de 20 mil turistas. Uma das maiores atra\u00e7\u00f5es \u00e9 o Bloco Reduto, que atrai uma multid\u00e3o para a cidade. Al\u00e9m disso, Pomp\u00e9u trar\u00e1 grandes nomes da m\u00fasica brasileira, como Tomate (pela primeira vez fora de Salvador), Cristiano Ara\u00fajo, Monobloco, Molejo e Henrique e Mateus.<\/p>\n<p>Site:\u00a0<a href=\"http:\/\/www.pompeu.mg.gov.br\/portal\/index.php\/secretariasn\/secretaria-de-cultura\/ultimas-noticias\/item\/599-programacao-do-carnapompeu-2015\" target=\"_blank\">http:\/\/www.pompeu.mg.gov.br\/portal\/index.php\/secretariasn\/secretaria-de-cultura\/ultimas-noticias\/item\/599-programacao-do-carnapompeu-2015<\/a> (Ag\u00eancia Minas)<\/p>\n","protected":false},"excerpt":{"rendered":"<p>Da agita\u00e7\u00e3o e folia das cidades hist\u00f3ricas ao sossego do turismo rural, estado oferece op\u00e7\u00f5es e alternativas para todos os tipos de foli\u00f5es. Em Minas tem carnaval para todos os gostos. Em todas as regi\u00f5es do estado a anima\u00e7\u00e3o est\u00e1 garantida durante os cinco dias de festividade. As op\u00e7\u00f5es v\u00e3o desde a folia das cidades [&hellip;]<\/p>\n","protected":false},"author":1,"featured_media":52447,"comment_status":"open","ping_status":"closed","sticky":false,"template":"","format":"standard","meta":{"amp_status":"","footnotes":""},"categories":[123],"tags":[1511,1525,194,1743,1510,12259,33250,32947,33247,33230,33249,33238,33233,33248,33237,33241,33239,33235,33232,33245,30518,33242,33234,33240,33246,30527,33231,33243,33229,33244,33236,628,33251,1018,198,1499,205,10160,7363,33226,33228,211,20060,254,33227,215,25032,1779,1498,218,154,33225,711],"class_list":["post-52446","post","type-post","status-publish","format-standard","has-post-thumbnail","hentry","category-gerais","tag-abaete","tag-barao-de-cocais","tag-belo-horizonte","tag-belo-vale","tag-bom-despacho","tag-bonfim","tag-carnavais-mais-procurados-de-minas-gerais","tag-carnaval-2015-em-minas-gerais","tag-carnaval-em-abaete","tag-carnaval-em-barao-de-cocais","tag-carnaval-em-belo-horizonte","tag-carnaval-em-belo-vale","tag-carnaval-em-bom-despacho","tag-carnaval-em-bonfim","tag-carnaval-em-conceicao-do-mato-dentro","tag-carnaval-em-diamantina","tag-carnaval-em-itabirito","tag-carnaval-em-januaria","tag-carnaval-em-lagoa-santa","tag-carnaval-em-mariana","tag-carnaval-em-minas-gerais","tag-carnaval-em-ouro-preto","tag-carnaval-em-pirapora","tag-carnaval-em-pocos-de-caldas","tag-carnaval-em-pompeu","tag-carnaval-em-sabara","tag-carnaval-em-santa-luzia","tag-carnaval-em-sao-joao-del-rei","tag-carnaval-em-serro","tag-carnaval-em-tiradentes","tag-carnaval-no-norte-de-minas","tag-conceicao-do-mato-dentro","tag-desfile-da-gres-bate-paus-de-sao-joao-del-rei","tag-destaque","tag-diamantina","tag-itabirito","tag-januaria","tag-lagoa-santa","tag-mariana","tag-minas-tem-carnaval-para-todos-os-gostos","tag-no-norte-de-minas","tag-ouro-preto","tag-parque-nacional-da-serra-do-cipo","tag-pirapora","tag-pirapora-e-januaria","tag-pocos-de-caldas","tag-pompeu","tag-sabara","tag-santa-luzia","tag-sao-joao-del-rei","tag-serro","tag-tem-uma-minas-gerais-para-todos-os-carnavais","tag-tiradentes"],"_links":{"self":[{"href":"https:\/\/aconteceunovale.com.br\/portal\/index.php?rest_route=\/wp\/v2\/posts\/52446","targetHints":{"allow":["GET"]}}],"collection":[{"href":"https:\/\/aconteceunovale.com.br\/portal\/index.php?rest_route=\/wp\/v2\/posts"}],"about":[{"href":"https:\/\/aconteceunovale.com.br\/portal\/index.php?rest_route=\/wp\/v2\/types\/post"}],"author":[{"embeddable":true,"href":"https:\/\/aconteceunovale.com.br\/portal\/index.php?rest_route=\/wp\/v2\/users\/1"}],"replies":[{"embeddable":true,"href":"https:\/\/aconteceunovale.com.br\/portal\/index.php?rest_route=%2Fwp%2Fv2%2Fcomments&post=52446"}],"version-history":[{"count":0,"href":"https:\/\/aconteceunovale.com.br\/portal\/index.php?rest_route=\/wp\/v2\/posts\/52446\/revisions"}],"wp:featuredmedia":[{"embeddable":true,"href":"https:\/\/aconteceunovale.com.br\/portal\/index.php?rest_route=\/wp\/v2\/media\/52447"}],"wp:attachment":[{"href":"https:\/\/aconteceunovale.com.br\/portal\/index.php?rest_route=%2Fwp%2Fv2%2Fmedia&parent=52446"}],"wp:term":[{"taxonomy":"category","embeddable":true,"href":"https:\/\/aconteceunovale.com.br\/portal\/index.php?rest_route=%2Fwp%2Fv2%2Fcategories&post=52446"},{"taxonomy":"post_tag","embeddable":true,"href":"https:\/\/aconteceunovale.com.br\/portal\/index.php?rest_route=%2Fwp%2Fv2%2Ftags&post=52446"}],"curies":[{"name":"wp","href":"https:\/\/api.w.org\/{rel}","templated":true}]}}