{"id":52284,"date":"2015-02-10T09:17:39","date_gmt":"2015-02-10T12:17:39","guid":{"rendered":"http:\/\/aconteceunovale.com.br\/portal\/?p=52284"},"modified":"2015-02-10T09:17:39","modified_gmt":"2015-02-10T12:17:39","slug":"previsao-do-tempo-para-minas-gerais-nesta-terca-feira-10-de-fevereiro","status":"publish","type":"post","link":"https:\/\/aconteceunovale.com.br\/portal\/?p=52284","title":{"rendered":"Previs\u00e3o do tempo para Minas Gerais nesta ter\u00e7a-feira, 10 de fevereiro"},"content":{"rendered":"<h4><strong><em>Sol entre nuvens e chuvas na maior parte do Estado de Minas Gerais<\/em><\/strong><\/h4>\n<p>Nesta ter\u00e7a-feira (10\/2), o sol aparece entre muitas nuvens e ocorrem chuvas na maior parte de Minas Gerais, mesmo com o enfraquecimento da zona de converg\u00eancia de umidade. H\u00e1 possibilidade de pancadas de chuva localmente fortes no Noroeste, Central Mineira, Metropolitana de Belo Horizonte, Oeste, Sul, Campo das Vertentes e Zona da Mata.<\/p>\n<p>As temperaturas ficam em ligeira eleva\u00e7\u00e3o, principalmente nas regi\u00f5es Central, Leste e Norte Mineiro. Na Grande Belo Horizonte, o c\u00e9u fica parcialmente nublado a nublado, com pancadas de chuva que podem ser de intensidade moderada no fim da tarde e no per\u00edodo da noite, e vir acompanhadas de rajadas de vento ocasionais e descargas atmosf\u00e9ricas. Na capital mineira, as temperaturas oscilam entre 17 e 28\u00b0C.<\/p>\n","protected":false},"excerpt":{"rendered":"<p>Sol entre nuvens e chuvas na maior parte do Estado de Minas Gerais Nesta ter\u00e7a-feira (10\/2), o sol aparece entre muitas nuvens e ocorrem chuvas na maior parte de Minas Gerais, mesmo com o enfraquecimento da zona de converg\u00eancia de umidade. H\u00e1 possibilidade de pancadas de chuva localmente fortes no Noroeste, Central Mineira, Metropolitana de [&hellip;]<\/p>\n","protected":false},"author":1,"featured_media":51728,"comment_status":"open","ping_status":"closed","sticky":false,"template":"","format":"standard","meta":{"amp_status":"","footnotes":""},"categories":[123],"tags":[1956,1839,28255,33038],"class_list":["post-52284","post","type-post","status-publish","format-standard","has-post-thumbnail","hentry","category-gerais","tag-previsao-do-tempo","tag-previsao-do-tempo-para-minas-gerais","tag-previsao-do-tempo-para-minas-gerais-nesta-terca-feira","tag-previsao-do-tempo-para-minas-gerais-nesta-terca-feira-10-de-fevereiro"],"_links":{"self":[{"href":"https:\/\/aconteceunovale.com.br\/portal\/index.php?rest_route=\/wp\/v2\/posts\/52284","targetHints":{"allow":["GET"]}}],"collection":[{"href":"https:\/\/aconteceunovale.com.br\/portal\/index.php?rest_route=\/wp\/v2\/posts"}],"about":[{"href":"https:\/\/aconteceunovale.com.br\/portal\/index.php?rest_route=\/wp\/v2\/types\/post"}],"author":[{"embeddable":true,"href":"https:\/\/aconteceunovale.com.br\/portal\/index.php?rest_route=\/wp\/v2\/users\/1"}],"replies":[{"embeddable":true,"href":"https:\/\/aconteceunovale.com.br\/portal\/index.php?rest_route=%2Fwp%2Fv2%2Fcomments&post=52284"}],"version-history":[{"count":0,"href":"https:\/\/aconteceunovale.com.br\/portal\/index.php?rest_route=\/wp\/v2\/posts\/52284\/revisions"}],"wp:featuredmedia":[{"embeddable":true,"href":"https:\/\/aconteceunovale.com.br\/portal\/index.php?rest_route=\/wp\/v2\/media\/51728"}],"wp:attachment":[{"href":"https:\/\/aconteceunovale.com.br\/portal\/index.php?rest_route=%2Fwp%2Fv2%2Fmedia&parent=52284"}],"wp:term":[{"taxonomy":"category","embeddable":true,"href":"https:\/\/aconteceunovale.com.br\/portal\/index.php?rest_route=%2Fwp%2Fv2%2Fcategories&post=52284"},{"taxonomy":"post_tag","embeddable":true,"href":"https:\/\/aconteceunovale.com.br\/portal\/index.php?rest_route=%2Fwp%2Fv2%2Ftags&post=52284"}],"curies":[{"name":"wp","href":"https:\/\/api.w.org\/{rel}","templated":true}]}}