{"id":52282,"date":"2015-02-09T22:35:57","date_gmt":"2015-02-10T01:35:57","guid":{"rendered":"http:\/\/aconteceunovale.com.br\/portal\/?p=52282"},"modified":"2015-02-09T22:35:57","modified_gmt":"2015-02-10T01:35:57","slug":"apos-ser-estuprada-pelo-pai-crianca-de-11-anos-e-obrigada-a-fazer-aborto-em-valadares","status":"publish","type":"post","link":"https:\/\/aconteceunovale.com.br\/portal\/?p=52282","title":{"rendered":"Ap\u00f3s ser estuprada pelo pai, crian\u00e7a de 11 anos \u00e9 obrigada a fazer aborto em Valadares"},"content":{"rendered":"<h4><strong><em>A crian\u00e7a teria engravidado em 2014, mas foi obrigada pelo pai a abortar e ainda colocar comprimidos no \u00f3rg\u00e3o genital. <\/em><\/strong><\/h4>\n<p>Um caso revoltante foi registrado pela Pol\u00edcia Militar (PM) e pelo Conselho Tutelar na tarde do \u00faltimo s\u00e1bado, 7 de fevereiro, no bairro Planalto, em Governador Valadares (MG). Foi descoberto que um homem de 38 anos abusava da pr\u00f3pria filha, de 11 anos, desde quando ganhou na Justi\u00e7a a guarda provis\u00f3ria da menina. Ele chegou a engravid\u00e1-la, e depois a obrigou a abortar. <\/p>\n<p>De acordo com o Boletim de Ocorr\u00eancia, a madrasta da menina afirmou que estava desconfiada de um relacionamento do companheiro com a filha dele e que no \u00faltimo m\u00eas de outubro a garota engravidou. Em dezembro o pai obrigou a filha a fazer aborto, tomando dois comprimidos, e ainda fez com que ela introduzisse outros dois na vagina.<\/p>\n<p>A mulher, desconfiada destas atitudes, passou a monitorar o comportamento da enteada com o pai. Este dorme em uma cama com os filhos, e a menina teria recebido amea\u00e7as dele, se quisesse dormir em outro lugar. Na sexta-feira, a mulher conversou com a v\u00edtima sobre a gravidez do ano passado, e a menina confessou que o abuso ocorrera dentro de casa e que o autor seria o pr\u00f3prio pai. <\/p>\n<h4>Suspeito negou o crime<\/h4>\n<p>A ocorr\u00eancia ainda relata que, ao ser questionado sobre os fatos, o homem disse n\u00e3o ter cometido o ato sexual com a filha e que se encontra em processo de separa\u00e7\u00e3o da atual esposa. O homem ainda destacou que a filha nunca engravidou, mas que sofrera abuso por parte de um suposto namorado, na escola. Disse ainda que possui a guarda da filha e que a m\u00e3e tem o direito de ficar com a menina no s\u00e1bado, de 15 em 15 dias, mas que havia mais de cinco fins de semana que a mulher n\u00e3o via a filha. Durante o atendimento da ocorr\u00eancia, embora n\u00e3o tenha admitido ter sido violentada, a v\u00edtima se recusava a comparecer ao hospital, demonstrando inseguran\u00e7a.<\/p>\n<h4>Crian\u00e7a confirmou abusos<\/h4>\n<p>Por causa do nervosismo e inseguran\u00e7a da crian\u00e7a, o Conselho Tutelar foi acionado, e durante uma conversa a menina acabou confessando que tem sofrido abusos do pai constantemente, inclusive na pr\u00f3pria sexta-feira. Ainda disse que a hist\u00f3ria de ter sido abusada na escola fora inven\u00e7\u00e3o do pai, para que ele n\u00e3o fosse descoberto.<\/p>\n<p>&#8220;Fomos acionados pela pol\u00edcia, e uma outra conselheira ficou respons\u00e1vel pelo caso. \u00c0 medida que os fatos eram revelados, percebemos que o caso era mais profundo, sendo um ato cont\u00ednuo de abuso, desde que a crian\u00e7a tinha 8 anos de idade. O pai tinha a guarda legal dela e ainda havia a quest\u00e3o do aborto, que \u00e9 uma agravante&#8221;, afirmou a presidente do Conselho Tutelar &#8211; Regi\u00e3o 1, Maria de F\u00e1tima e Silva. &#8220;Nossa preocupa\u00e7\u00e3o no primeiro momento era preservar a crian\u00e7a, tendo em vista que o pai era bastante convincente, at\u00e9 porque ganhou a guarda da crian\u00e7a na Justi\u00e7a, uma vez que a menina disse perante o juiz que queria ficar com o pai. Mas ao delegado informou que fora obrigada pelo pai, com a alega\u00e7\u00e3o de que n\u00e3o se o fizesse tudo ele mandaria matar sua m\u00e3e. Ela ent\u00e3o foi coagida a viver nessa situa\u00e7\u00e3o&#8221;, disse a conselheira. <\/p>\n<p>Ap\u00f3s tr\u00eas anos nessa situa\u00e7\u00e3o, marcas e traumas podem ser percebidas na crian\u00e7a. &#8220;As v\u00edtimas s\u00f3 revelam esses casos quando se sentem seguras, e aconteceu isso com essa crian\u00e7a. Ela n\u00e3o tinha seguran\u00e7a de revelar esse caso, devido a diversos fatores, pois o pai a amea\u00e7ava e \u00e0 m\u00e3e. A madrasta em nenhum momento foi conivente com as a\u00e7\u00f5es do marido, e na verdade n\u00e3o sabia. A partir do momento em que desconfiou do caso, conversou com a crian\u00e7a, e ao saber tudo imediatamente acionou a m\u00e3e e a pol\u00edcia&#8221;, disse Maria de F\u00e1tima.<\/p>\n<h4>Homem foi preso<\/h4>\n<p>O suspeito foi encaminhado \u00e0 Delegacia de Pol\u00edcia Civil pela PM, mas a princ\u00edpio o delegado tinha d\u00favidas se o caso era de flagrante, devido aos fatos apurados e tamb\u00e9m porque j\u00e1 havia passado muito tempo do ocorrido. &#8220;Todavia, ao ouvir a crian\u00e7a n\u00e3o houve mais d\u00favidas de que se tratava de um flagrante, pois o ato aconteceu na noite de sexta. Hoje o suspeito se encontra preso em flagrante, mas estamos trabalhando para converter a pris\u00e3o em preventiva&#8221;, disse a conselheira. <\/p>\n<h4>Den\u00fancias<\/h4>\n<p>Para evitar que casos como esse aconte\u00e7am, a popula\u00e7\u00e3o deve saber que o Conselho Tutelar \u00e9 um \u00f3rg\u00e3o protetivo. &#8220;Quero deixar claro a import\u00e2ncia de as pessoas perderem a vis\u00e3o errada que t\u00eam do Conselho Tutelar. Precisamos que as crian\u00e7as e os adolescentes tenham uma vis\u00e3o boa, de prote\u00e7\u00e3o para eles, pois em um caso desses eles ou terceiros devem acionar o \u00f3rg\u00e3o. Iremos apurar e prestar a devida assist\u00eancia antes que as coisas piorem&#8221;, concluiu a conselheira.<\/p>\n<p><strong><em>(Fonte: Di\u00e1rio do Rio Doce)<\/em><\/strong><\/p>\n","protected":false},"excerpt":{"rendered":"<p>A crian\u00e7a teria engravidado em 2014, mas foi obrigada pelo pai a abortar e ainda colocar comprimidos no \u00f3rg\u00e3o genital. Um caso revoltante foi registrado pela Pol\u00edcia Militar (PM) e pelo Conselho Tutelar na tarde do \u00faltimo s\u00e1bado, 7 de fevereiro, no bairro Planalto, em Governador Valadares (MG). Foi descoberto que um homem de 38 [&hellip;]<\/p>\n","protected":false},"author":1,"featured_media":23710,"comment_status":"open","ping_status":"closed","sticky":false,"template":"","format":"standard","meta":{"amp_status":"","footnotes":""},"categories":[121],"tags":[33036,33035,21052,247,33037],"class_list":["post-52282","post","type-post","status-publish","format-standard","has-post-thumbnail","hentry","category-leste","tag-crianca-de-11-anos-e-obrigada-a-fazer-aborto-em-governador-valadares","tag-crianca-de-11-anos-e-obrigada-a-fazer-aborto-em-valadares","tag-estupro-em-governador-valadares","tag-governador-valadares","tag-pai-estupra-a-propria-filha-em-governador-valadares"],"_links":{"self":[{"href":"https:\/\/aconteceunovale.com.br\/portal\/index.php?rest_route=\/wp\/v2\/posts\/52282","targetHints":{"allow":["GET"]}}],"collection":[{"href":"https:\/\/aconteceunovale.com.br\/portal\/index.php?rest_route=\/wp\/v2\/posts"}],"about":[{"href":"https:\/\/aconteceunovale.com.br\/portal\/index.php?rest_route=\/wp\/v2\/types\/post"}],"author":[{"embeddable":true,"href":"https:\/\/aconteceunovale.com.br\/portal\/index.php?rest_route=\/wp\/v2\/users\/1"}],"replies":[{"embeddable":true,"href":"https:\/\/aconteceunovale.com.br\/portal\/index.php?rest_route=%2Fwp%2Fv2%2Fcomments&post=52282"}],"version-history":[{"count":0,"href":"https:\/\/aconteceunovale.com.br\/portal\/index.php?rest_route=\/wp\/v2\/posts\/52282\/revisions"}],"wp:featuredmedia":[{"embeddable":true,"href":"https:\/\/aconteceunovale.com.br\/portal\/index.php?rest_route=\/wp\/v2\/media\/23710"}],"wp:attachment":[{"href":"https:\/\/aconteceunovale.com.br\/portal\/index.php?rest_route=%2Fwp%2Fv2%2Fmedia&parent=52282"}],"wp:term":[{"taxonomy":"category","embeddable":true,"href":"https:\/\/aconteceunovale.com.br\/portal\/index.php?rest_route=%2Fwp%2Fv2%2Fcategories&post=52282"},{"taxonomy":"post_tag","embeddable":true,"href":"https:\/\/aconteceunovale.com.br\/portal\/index.php?rest_route=%2Fwp%2Fv2%2Ftags&post=52282"}],"curies":[{"name":"wp","href":"https:\/\/api.w.org\/{rel}","templated":true}]}}