{"id":52276,"date":"2015-02-09T21:58:00","date_gmt":"2015-02-10T00:58:00","guid":{"rendered":"http:\/\/aconteceunovale.com.br\/portal\/?p=52276"},"modified":"2015-02-11T10:25:31","modified_gmt":"2015-02-11T13:25:31","slug":"carreta-derruba-poste-e-deixa-parte-de-coronel-murta-sem-energia-eletrica","status":"publish","type":"post","link":"https:\/\/aconteceunovale.com.br\/portal\/?p=52276","title":{"rendered":"Carreta derruba poste e deixa parte de Coronel Murta sem energia el\u00e9trica"},"content":{"rendered":"<h4><strong><em>Carreta colidiu no poste ao fazer uma manobra no trevo da cidade. Boa parte da cidade est\u00e1 sem energia el\u00e9trica.<\/em><\/strong><\/h4>\n<p>Um acidente na tarde na tarde desta segunda-feira, 9 de fevereiro, interrompeu o fornecimento de energia em parte da cidade de Coronel Murta, no Vale do Jequitinhonha. De acordo com informa\u00e7\u00f5es, por volta das 16 horas, uma carreta com placas de Tangar\u00e1 (SC) derrubou um poste ao fazer uma manobra na Avenida Brasil, esquina com a Rua Jo\u00e3o Paulo II.<\/p>\n<p><img decoding=\"async\" src=\"http:\/\/aconteceunovale.com.br\/portal\/wp-content\/uploads\/2015\/02\/acidente_coronel_murta_9_2_1.jpg\" alt=\"\" \/><em>Carreta derrubou poste ao fazer uma manobra no trevo da cidade &#8211; Foto: Dinda da R\u00e1dio L\u00edder<\/em><br \/>\n<\/br><\/p>\n<p>Segundo o radialista Wildes Ribeiro, o Dinda da R\u00e1dio L\u00edder, com a queda do poste, boa parte da cidade est\u00e1 no escuro, incluindo postos de combust\u00edveis, a Unidade de Sa\u00fade Carlito Murta, com\u00e9rcios e dezenas de ruas. Ele tamb\u00e9m relatou ao Aconteceu no Vale, que entrou em contato com a Cemig e foi informado pela empresa que o servi\u00e7o de troca do poste e restabelecimento do fornecimento de energia ser\u00e1 realizado nas pr\u00f3ximas 48 horas.<\/p>\n<p>Essa \u00e9 a terceira vez que um ve\u00edculo de carga derruba poste no trevo. O chefe de Infraestrutura do munic\u00edpio, Geraldo Badar\u00f3, informou que uma obra ser\u00e1 feita no local para aumentar o espa\u00e7o das manobras, evitando assim outros acidentes.<\/p>\n<h4>Nota de esclarecimento da Cemig<\/h4>\n<p><em>A Companhia Energ\u00e9tica de Minas Gerais informa que a interrup\u00e7\u00e3o ocorrida ontem (09\/02), na cidade de Coronel Murta, foi causado por um acidente em que um ve\u00edculo derrubou um poste e cabos da rede el\u00e9trica.<\/p>\n<p>Desde que o problema foi identificado, uma equipe pesada da Empresa, entre t\u00e9cnicos e eletricistas, realizaram manobras operativas para que seus clientes ficassem o menor tempo poss\u00edvel sem luz.<\/p>\n<p>Devido a complexidade do servi\u00e7o, a completa normaliza\u00e7\u00e3o do sistema se deu \u00e0s 13h de desta ter\u00e7a-feira (10\/02).<\/em><\/p>\n<p><img decoding=\"async\" src=\"http:\/\/aconteceunovale.com.br\/portal\/wp-content\/uploads\/2015\/02\/acidente_coronel_murta_9_2_2.jpg\" alt=\"\" \/><em>Carreta derrubou poste ao fazer uma manobra no trevo da cidade &#8211; Foto: Dinda da R\u00e1dio L\u00edder<\/em><br \/>\n<\/br><\/p>\n<p><img decoding=\"async\" src=\"http:\/\/aconteceunovale.com.br\/portal\/wp-content\/uploads\/2015\/02\/acidente_coronel_murta_9_2_3.jpg\" alt=\"\" \/><em>Carreta derrubou poste ao fazer uma manobra no trevo da cidade &#8211; Foto: Dinda da R\u00e1dio L\u00edder<\/em><br \/>\n<\/br><\/p>\n<p><img decoding=\"async\" src=\"http:\/\/aconteceunovale.com.br\/portal\/wp-content\/uploads\/2015\/02\/acidente_coronel_murta_9_2_4.jpg\" alt=\"\" \/><em>Carreta derrubou poste ao fazer uma manobra no trevo da cidade &#8211; Foto: Dinda da R\u00e1dio L\u00edder<\/em><\/p>\n","protected":false},"excerpt":{"rendered":"<p>Carreta colidiu no poste ao fazer uma manobra no trevo da cidade. Boa parte da cidade est\u00e1 sem energia el\u00e9trica. Um acidente na tarde na tarde desta segunda-feira, 9 de fevereiro, interrompeu o fornecimento de energia em parte da cidade de Coronel Murta, no Vale do Jequitinhonha. De acordo com informa\u00e7\u00f5es, por volta das 16 [&hellip;]<\/p>\n","protected":false},"author":1,"featured_media":52277,"comment_status":"open","ping_status":"closed","sticky":false,"template":"","format":"standard","meta":{"amp_status":"","footnotes":""},"categories":[120],"tags":[33033,25123,33027,33029,483,1018,33034,33031,33028,33030,33032],"class_list":["post-52276","post","type-post","status-publish","format-standard","has-post-thumbnail","hentry","category-jequi","tag-acidente-com-carreta-da-empresa-transpajos-transporte","tag-acidente-em-coronel-murta","tag-carreta-derruba-poste-e-deixa-parte-de-coronel-murta-sem-energia-eletrica","tag-carreta-derruba-poste-em-coronel-murta","tag-coronel-murta","tag-destaque","tag-dorival-correia-ramos-filho","tag-empresa-transpajos-transporte","tag-falta-de-energia-em-coronel-murta","tag-tangara","tag-transpajos-transporte"],"_links":{"self":[{"href":"https:\/\/aconteceunovale.com.br\/portal\/index.php?rest_route=\/wp\/v2\/posts\/52276","targetHints":{"allow":["GET"]}}],"collection":[{"href":"https:\/\/aconteceunovale.com.br\/portal\/index.php?rest_route=\/wp\/v2\/posts"}],"about":[{"href":"https:\/\/aconteceunovale.com.br\/portal\/index.php?rest_route=\/wp\/v2\/types\/post"}],"author":[{"embeddable":true,"href":"https:\/\/aconteceunovale.com.br\/portal\/index.php?rest_route=\/wp\/v2\/users\/1"}],"replies":[{"embeddable":true,"href":"https:\/\/aconteceunovale.com.br\/portal\/index.php?rest_route=%2Fwp%2Fv2%2Fcomments&post=52276"}],"version-history":[{"count":0,"href":"https:\/\/aconteceunovale.com.br\/portal\/index.php?rest_route=\/wp\/v2\/posts\/52276\/revisions"}],"wp:featuredmedia":[{"embeddable":true,"href":"https:\/\/aconteceunovale.com.br\/portal\/index.php?rest_route=\/wp\/v2\/media\/52277"}],"wp:attachment":[{"href":"https:\/\/aconteceunovale.com.br\/portal\/index.php?rest_route=%2Fwp%2Fv2%2Fmedia&parent=52276"}],"wp:term":[{"taxonomy":"category","embeddable":true,"href":"https:\/\/aconteceunovale.com.br\/portal\/index.php?rest_route=%2Fwp%2Fv2%2Fcategories&post=52276"},{"taxonomy":"post_tag","embeddable":true,"href":"https:\/\/aconteceunovale.com.br\/portal\/index.php?rest_route=%2Fwp%2Fv2%2Ftags&post=52276"}],"curies":[{"name":"wp","href":"https:\/\/api.w.org\/{rel}","templated":true}]}}