{"id":52248,"date":"2015-02-09T19:32:35","date_gmt":"2015-02-09T22:32:35","guid":{"rendered":"http:\/\/aconteceunovale.com.br\/portal\/?p=52248"},"modified":"2015-02-09T19:32:35","modified_gmt":"2015-02-09T22:32:35","slug":"policia-prende-jovem-que-matou-padrasto-a-facadas-em-ipatinga","status":"publish","type":"post","link":"https:\/\/aconteceunovale.com.br\/portal\/?p=52248","title":{"rendered":"Pol\u00edcia prende jovem que matou padrasto a facadas em Ipatinga"},"content":{"rendered":"<h4><strong><em>Ele desferiu diversas facadas na v\u00edtima e tentou arrancar sua cabe\u00e7a. Acusado alegou leg\u00edtima defesa, mas depois confessou o crime a pol\u00edcia.<\/em><\/strong><\/h4>\n<p>Um jovem de 18 anos, suspeito de matar o padrasto, de 56, a facadas no dia 31 de janeiro, no Bairro Parque das \u00c1guas, em Ipatinga, foi preso na casa da sua m\u00e3e, na cidade de Ipaba, na noite desta sexta-feira (6), ap\u00f3s um mandado de pris\u00e3o expedido pelo Minist\u00e9rio P\u00fablico. A opera\u00e7\u00e3o que resultou na pris\u00e3o do jovem, \u00e9 denominada \u201cViva Mais Vale\u201d, realizada em conjunto pela Pol\u00edcia Civil, Pol\u00edcia Militar e Minist\u00e9rio P\u00fablico. Na tarde desta segunda-feira (9), o acusado foi apresentado \u00e0 imprensa, na delegacia da Pol\u00edcia Civil de Ipatinga.<\/p>\n<p><img decoding=\"async\" src=\"http:\/\/aconteceunovale.com.br\/portal\/wp-content\/uploads\/2015\/02\/preso_ipatinga_9_2.jpg\" alt=\"\" \/><em>Acusado alegou leg\u00edtima defesa, mas depois acabou confessando o crime (Foto: Wilkson Tarres\/G1)<\/em><br \/>\n<\/br><\/p>\n<p>O crime aconteceu no apartamento da v\u00edtima. Segundo o delegado da Pol\u00edcia Civil, Eduardo Vinicius, a poss\u00edvel motiva\u00e7\u00e3o do crime foi um desentendimento entre o autor e a v\u00edtima. O acusado morava no andar debaixo no pr\u00e9dio e teria ido at\u00e9 o apartamento da homem, procurando sua m\u00e3e. No local, os dois discutiram, entraram em luta corporal, e a v\u00edtima sofreu diversas perfura\u00e7\u00f5es de faca.<\/p>\n<p>Ap\u00f3s o crime, o autor ligou para o seu irm\u00e3o pedindo para que ele fosse at\u00e9 o local, porque havia ferido o homem com uma faca. Na ocasi\u00e3o, o irm\u00e3o da v\u00edtima informou para a PM que n\u00e3o foi at\u00e9 o local porque mora em Ipaba, e sua motocicleta estava sem combust\u00edvel para chegar at\u00e9 Ipatinga. O irm\u00e3o do acusado relatou tamb\u00e9m que pediu para que uma tia fosse at\u00e9 o local. A porta foi arrombada por um vizinho e a v\u00edtima foi encontrada sem vida.<\/p>\n<p>Eduardo Vinicius disse ainda que em conversa com o acusado, ele negou os fatos e alegou leg\u00edtima defesa, mostrando alguns ferimentos no pulso. Momentos depois, o jovem teria confessado o crime ao delegado, dizendo que tentou arrancar a cabe\u00e7a da v\u00edtima ap\u00f3s o crime, como n\u00e3o conseguiu, ligou para o seu irm\u00e3o e fugiu. O causado foi preso e levado para o Centro de Remanejamento do Sistema Prisional de Ipatinga (Ceresp).<\/p>\n<h4>Homic\u00eddio Tentado<\/h4>\n<p>Outro jovem, de 26 anos, foi apresentado na tarde desta segunda-feira (9) na delegacia da Pol\u00edcia Civil de Ipatinga, suspeito de uma tentativa de homic\u00eddio no dia 29 de maio de 2009, no Bairro Beth\u00e2nia.<\/p>\n<p>Segundo informa\u00e7\u00f5es do boletim de ocorr\u00eancias, o autor passou pela v\u00edtima de 26 anos em uma motocicleta na rua Manila, e atirou duas vezes. A v\u00edtima foi atingida no quadril esquerdo.<\/p>\n<p>Na ocasi\u00e3o, o homem fugiu e estava foragido. Ap\u00f3s as investiga\u00e7\u00f5es da PC, o Minist\u00e9rio P\u00fablico expediu um mandado de pris\u00e3o e o jovem foi preso na tarde desta sexta-feira (9), em sua casa no Bairro Caravelas, em Ipatinga. Ele foi preso e levado para o Centro de Remanejamento do Sistema Prisional de Ipatinga (Ceresp).<\/p>\n<p><em><strong>(Fonte: Inter TV dos Vales)<\/strong><\/em><\/p>\n","protected":false},"excerpt":{"rendered":"<p>Ele desferiu diversas facadas na v\u00edtima e tentou arrancar sua cabe\u00e7a. Acusado alegou leg\u00edtima defesa, mas depois confessou o crime a pol\u00edcia. Um jovem de 18 anos, suspeito de matar o padrasto, de 56, a facadas no dia 31 de janeiro, no Bairro Parque das \u00c1guas, em Ipatinga, foi preso na casa da sua m\u00e3e, [&hellip;]<\/p>\n","protected":false},"author":1,"featured_media":52250,"comment_status":"open","ping_status":"closed","sticky":false,"template":"","format":"standard","meta":{"amp_status":"","footnotes":""},"categories":[121],"tags":[2234,201,32653,33020,32652],"class_list":["post-52248","post","type-post","status-publish","format-standard","has-post-thumbnail","hentry","category-leste","tag-ipaba","tag-ipatinga","tag-operacao-viva-mais-vale","tag-policia-prende-jovem-que-matou-padrasto-a-facadas-em-ipatinga","tag-viva-mais-vale"],"_links":{"self":[{"href":"https:\/\/aconteceunovale.com.br\/portal\/index.php?rest_route=\/wp\/v2\/posts\/52248","targetHints":{"allow":["GET"]}}],"collection":[{"href":"https:\/\/aconteceunovale.com.br\/portal\/index.php?rest_route=\/wp\/v2\/posts"}],"about":[{"href":"https:\/\/aconteceunovale.com.br\/portal\/index.php?rest_route=\/wp\/v2\/types\/post"}],"author":[{"embeddable":true,"href":"https:\/\/aconteceunovale.com.br\/portal\/index.php?rest_route=\/wp\/v2\/users\/1"}],"replies":[{"embeddable":true,"href":"https:\/\/aconteceunovale.com.br\/portal\/index.php?rest_route=%2Fwp%2Fv2%2Fcomments&post=52248"}],"version-history":[{"count":0,"href":"https:\/\/aconteceunovale.com.br\/portal\/index.php?rest_route=\/wp\/v2\/posts\/52248\/revisions"}],"wp:featuredmedia":[{"embeddable":true,"href":"https:\/\/aconteceunovale.com.br\/portal\/index.php?rest_route=\/wp\/v2\/media\/52250"}],"wp:attachment":[{"href":"https:\/\/aconteceunovale.com.br\/portal\/index.php?rest_route=%2Fwp%2Fv2%2Fmedia&parent=52248"}],"wp:term":[{"taxonomy":"category","embeddable":true,"href":"https:\/\/aconteceunovale.com.br\/portal\/index.php?rest_route=%2Fwp%2Fv2%2Fcategories&post=52248"},{"taxonomy":"post_tag","embeddable":true,"href":"https:\/\/aconteceunovale.com.br\/portal\/index.php?rest_route=%2Fwp%2Fv2%2Ftags&post=52248"}],"curies":[{"name":"wp","href":"https:\/\/api.w.org\/{rel}","templated":true}]}}