{"id":52245,"date":"2015-02-09T19:25:19","date_gmt":"2015-02-09T22:25:19","guid":{"rendered":"http:\/\/aconteceunovale.com.br\/portal\/?p=52245"},"modified":"2015-02-09T19:25:19","modified_gmt":"2015-02-09T22:25:19","slug":"rede-eletrica-pega-fogo-e-mais-de-2-mil-assinantes-ficam-sem-servico-de-tv-em-valadares","status":"publish","type":"post","link":"https:\/\/aconteceunovale.com.br\/portal\/?p=52245","title":{"rendered":"Rede el\u00e9trica pega fogo e mais de 2 mil assinantes ficam sem servi\u00e7o de TV em Valadares"},"content":{"rendered":"<h4><strong><em>Assinante de TV a cabo ter\u00e3o servi\u00e7o restabelecido na noite desta segunda. A Cemig informou que a interrup\u00e7\u00e3o de energia foi causada por um defeito em um equipamento na rede de Baixa Tens\u00e3o.<\/em><\/strong><\/h4>\n<p>Mais de 2 mil assinantes de uma empresa de TV a cabo ficaram sem o servi\u00e7o na tarde desta segunda-feira (9), em Governador Valadares, no Leste de Minas Gerais. O motivo foi um inc\u00eandio na rede el\u00e9trica no Centro da cidade, no cruzamento das Ruas Pe\u00e7anha e Israel Pinheiro. A Companhia Energ\u00e9tica de Minas Gerais (Cemig) informou que a interrup\u00e7\u00e3o de energia foi causada por um defeito em um equipamento na rede de Baixa Tens\u00e3o.<\/p>\n<p>Por causa do fogo, parte da Rua Pe\u00e7anha teve que ser interditada. O tr\u00e2nsito ficou lento na Rua Israel Pinheiro e teve que ser controlado por policiais militares. O Corpo de Bombeiros tamb\u00e9m esteve no local para auxiliar no controle do fogo.<\/p>\n<p>Para evitar que as chamas se alastrassem pelos fios, a Cemig cortou o abastecimento de energia el\u00e9trica em algumas lojas nas proximidades do local do inc\u00eandio. Ningu\u00e9m se feriu e o tr\u00e2nsito foi liberado na Rua Pe\u00e7anha por volta das 16 horas.<\/p>\n<p>T\u00e9cnicos e eletricistas da Cemig estiveram no local, e as 17h30 todos os clientes j\u00e1 estavam reestabelecidos com energia el\u00e9trica. Segundo o engenheiro el\u00e9trico da empresa de TV a cabo, Maur\u00edcio Alencar, o servi\u00e7o seria reestabelecido at\u00e9 \u00e0s 19 horas.<\/p>\n<p><img decoding=\"async\" src=\"http:\/\/aconteceunovale.com.br\/portal\/wp-content\/uploads\/2015\/02\/fogo_rede_eletrica_gv.jpg\" alt=\"\" \/><em>A Companhia Energ\u00e9tica de Minas Gerais informou que a interrup\u00e7\u00e3o de energia foi causada por um defeito em um equipamento na rede de Baixa Tens\u00e3o (Foto: Diego Souza\/G1)<\/em><br \/>\n<\/br><\/p>\n<p><strong><em>(Inter TV dos Vales)<\/em><\/strong><\/p>\n","protected":false},"excerpt":{"rendered":"<p>Assinante de TV a cabo ter\u00e3o servi\u00e7o restabelecido na noite desta segunda. A Cemig informou que a interrup\u00e7\u00e3o de energia foi causada por um defeito em um equipamento na rede de Baixa Tens\u00e3o. Mais de 2 mil assinantes de uma empresa de TV a cabo ficaram sem o servi\u00e7o na tarde desta segunda-feira (9), em [&hellip;]<\/p>\n","protected":false},"author":1,"featured_media":52246,"comment_status":"open","ping_status":"closed","sticky":false,"template":"","format":"standard","meta":{"amp_status":"","footnotes":""},"categories":[121],"tags":[347,33015,247,33017,33019,33018,33016],"class_list":["post-52245","post","type-post","status-publish","format-standard","has-post-thumbnail","hentry","category-leste","tag-cemig","tag-fogo-na-rede-eletrica-em-governador-valadares","tag-governador-valadares","tag-mauricio-alencar","tag-rede-eletrica-pega-fogo-e-mais-de-2-mil-assinantes-ficam-sem-servico-de-tv-em-governador-valadares","tag-rede-eletrica-pega-fogo-e-mais-de-2-mil-assinantes-ficam-sem-servico-de-tv-em-valadares","tag-sinal-de-tv-a-cabo-em-governador-valadares"],"_links":{"self":[{"href":"https:\/\/aconteceunovale.com.br\/portal\/index.php?rest_route=\/wp\/v2\/posts\/52245","targetHints":{"allow":["GET"]}}],"collection":[{"href":"https:\/\/aconteceunovale.com.br\/portal\/index.php?rest_route=\/wp\/v2\/posts"}],"about":[{"href":"https:\/\/aconteceunovale.com.br\/portal\/index.php?rest_route=\/wp\/v2\/types\/post"}],"author":[{"embeddable":true,"href":"https:\/\/aconteceunovale.com.br\/portal\/index.php?rest_route=\/wp\/v2\/users\/1"}],"replies":[{"embeddable":true,"href":"https:\/\/aconteceunovale.com.br\/portal\/index.php?rest_route=%2Fwp%2Fv2%2Fcomments&post=52245"}],"version-history":[{"count":0,"href":"https:\/\/aconteceunovale.com.br\/portal\/index.php?rest_route=\/wp\/v2\/posts\/52245\/revisions"}],"wp:featuredmedia":[{"embeddable":true,"href":"https:\/\/aconteceunovale.com.br\/portal\/index.php?rest_route=\/wp\/v2\/media\/52246"}],"wp:attachment":[{"href":"https:\/\/aconteceunovale.com.br\/portal\/index.php?rest_route=%2Fwp%2Fv2%2Fmedia&parent=52245"}],"wp:term":[{"taxonomy":"category","embeddable":true,"href":"https:\/\/aconteceunovale.com.br\/portal\/index.php?rest_route=%2Fwp%2Fv2%2Fcategories&post=52245"},{"taxonomy":"post_tag","embeddable":true,"href":"https:\/\/aconteceunovale.com.br\/portal\/index.php?rest_route=%2Fwp%2Fv2%2Ftags&post=52245"}],"curies":[{"name":"wp","href":"https:\/\/api.w.org\/{rel}","templated":true}]}}