{"id":52239,"date":"2015-02-09T19:13:58","date_gmt":"2015-02-09T22:13:58","guid":{"rendered":"http:\/\/aconteceunovale.com.br\/portal\/?p=52239"},"modified":"2015-02-09T19:15:50","modified_gmt":"2015-02-09T22:15:50","slug":"transporte-coletivo-em-governador-valadares-vai-ficar-mais-caro","status":"publish","type":"post","link":"https:\/\/aconteceunovale.com.br\/portal\/?p=52239","title":{"rendered":"Transporte coletivo ficar\u00e1 mais caro em Governador Valadares"},"content":{"rendered":"<h4><strong><em>Tarifa de \u00f4nibus custar\u00e1 R$ 2,85 a partir do pr\u00f3ximo s\u00e1bado (14). Um dos motivos do reajuste \u00e9 o aumento dos combust\u00edveis.<\/em><\/strong><\/h4>\n<p>A partir do pr\u00f3ximo s\u00e1bado (14) a passagem de \u00f4nibus em Governador Valadares, no Vale do Rio Doce, vai ficar mais cara. O pre\u00e7o do transporte coletivo urbano vai subir de R$ 2,60 para R$ 2,85. Segundo a prefeitura, esse reajuste acontecer\u00e1 por causa do aumento no valor de produtos e servi\u00e7os, que pesam sobre a passagem, como o aumento dos combust\u00edveis.<\/p>\n<p>A administra\u00e7\u00e3o municipal informou ainda que, como contrapartida, a Empresa Valadarense, que det\u00e9m a concess\u00e3o do servi\u00e7o, vai comprar dez novos \u00f4nibus equipados para atender idosos e deficientes f\u00edsicos.<\/p>\n<p>No final do ano passado, a \u00fanica empresa respons\u00e1vel pelo transporte p\u00fablico na cidade fez um pedido de reajuste tarif\u00e1rio dos atuais R$ 2,60 para R$ 2,96. A Ger\u00eancia de Transportes da Secretaria Municipal de Servi\u00e7os Urbanos analisou as planilhas e chegou ao valor de R$ 2,89.<\/p>\n<p>Por fim, o Conselho Municipal de Transportes e Tr\u00e2nsito (CMTT) analisou e aprovou o estudo apresentado em 29 de janeiro deste ano, encaminhando para o Poder Executivo a defini\u00e7\u00e3o final do valor da nova tarifa, em R$ 2,85.<\/p>\n<p><img decoding=\"async\" src=\"http:\/\/aconteceunovale.com.br\/portal\/wp-content\/uploads\/2015\/02\/empresa_gv_transporte.jpg\" alt=\"\" \/><em>Tarifa de \u00f4nibus em Valadares ter\u00e1 reajuste no s\u00e1bado, e custar\u00e1 R$ 2,85 (Foto: Ant\u00f4nio Cota\/DRD)<\/em><br \/>\n<\/br><\/p>\n<p><strong><em>(Inter TV dos Vales)<\/em><\/strong><\/p>\n","protected":false},"excerpt":{"rendered":"<p>Tarifa de \u00f4nibus custar\u00e1 R$ 2,85 a partir do pr\u00f3ximo s\u00e1bado (14). Um dos motivos do reajuste \u00e9 o aumento dos combust\u00edveis. A partir do pr\u00f3ximo s\u00e1bado (14) a passagem de \u00f4nibus em Governador Valadares, no Vale do Rio Doce, vai ficar mais cara. O pre\u00e7o do transporte coletivo urbano vai subir de R$ 2,60 [&hellip;]<\/p>\n","protected":false},"author":1,"featured_media":52241,"comment_status":"open","ping_status":"closed","sticky":false,"template":"","format":"standard","meta":{"amp_status":"","footnotes":""},"categories":[121],"tags":[1018,33012,247,33013,33011,33010,33014],"class_list":["post-52239","post","type-post","status-publish","format-standard","has-post-thumbnail","hentry","category-leste","tag-destaque","tag-empresa-valadarense","tag-governador-valadares","tag-passagem-de-onibus-em-governador-valadares","tag-transporte-coletivo-em-governador-valadares","tag-transporte-coletivo-em-governador-valadares-vai-ficar-mais-caro","tag-transporte-coletivo-ficara-mais-caro-em-governador-valadares"],"_links":{"self":[{"href":"https:\/\/aconteceunovale.com.br\/portal\/index.php?rest_route=\/wp\/v2\/posts\/52239","targetHints":{"allow":["GET"]}}],"collection":[{"href":"https:\/\/aconteceunovale.com.br\/portal\/index.php?rest_route=\/wp\/v2\/posts"}],"about":[{"href":"https:\/\/aconteceunovale.com.br\/portal\/index.php?rest_route=\/wp\/v2\/types\/post"}],"author":[{"embeddable":true,"href":"https:\/\/aconteceunovale.com.br\/portal\/index.php?rest_route=\/wp\/v2\/users\/1"}],"replies":[{"embeddable":true,"href":"https:\/\/aconteceunovale.com.br\/portal\/index.php?rest_route=%2Fwp%2Fv2%2Fcomments&post=52239"}],"version-history":[{"count":0,"href":"https:\/\/aconteceunovale.com.br\/portal\/index.php?rest_route=\/wp\/v2\/posts\/52239\/revisions"}],"wp:featuredmedia":[{"embeddable":true,"href":"https:\/\/aconteceunovale.com.br\/portal\/index.php?rest_route=\/wp\/v2\/media\/52241"}],"wp:attachment":[{"href":"https:\/\/aconteceunovale.com.br\/portal\/index.php?rest_route=%2Fwp%2Fv2%2Fmedia&parent=52239"}],"wp:term":[{"taxonomy":"category","embeddable":true,"href":"https:\/\/aconteceunovale.com.br\/portal\/index.php?rest_route=%2Fwp%2Fv2%2Fcategories&post=52239"},{"taxonomy":"post_tag","embeddable":true,"href":"https:\/\/aconteceunovale.com.br\/portal\/index.php?rest_route=%2Fwp%2Fv2%2Ftags&post=52239"}],"curies":[{"name":"wp","href":"https:\/\/api.w.org\/{rel}","templated":true}]}}