{"id":52215,"date":"2015-02-09T11:33:48","date_gmt":"2015-02-09T14:33:48","guid":{"rendered":"http:\/\/aconteceunovale.com.br\/portal\/?p=52215"},"modified":"2015-02-09T11:33:48","modified_gmt":"2015-02-09T14:33:48","slug":"prefeitura-de-conceicao-do-mato-dentro-e-assaltada-por-bandidos-armados","status":"publish","type":"post","link":"https:\/\/aconteceunovale.com.br\/portal\/?p=52215","title":{"rendered":"Prefeitura de Concei\u00e7\u00e3o do Mato Dentro \u00e9 assaltada por bandidos armados"},"content":{"rendered":"<h4><strong><em>Crime assustou popula\u00e7\u00e3o de Concei\u00e7\u00e3o do Mato Dentro. Pertences de funcion\u00e1rios foram levados pelos bandidos.<\/em><\/strong><\/h4>\n<p>A Prefeitura de Concei\u00e7\u00e3o do Mato Dentro foi alvo de criminosos na manh\u00e3 desta segunda-feira, 9 de fevereiro. Por volta das 9h, bandidos armados invadiram o pr\u00e9dio do governo municipal e roubaram pertences de funcion\u00e1rios que trabalhavam no local. <\/p>\n<p>O objetivo dos bandidos era o cofre da tesouraria da Prefeitura. Ao abrirem o equipamento, havia poucas notas, motivo que deixou os assaltantes nervosos. De acordo com a Assessoria de Comunica\u00e7\u00e3o, os homens fizeram \u201cterrorismo\u201d com os funcion\u00e1rios e pegaram diversos pertences, como celulares e notebooks. Pelo hor\u00e1rio do crime, havia poucas pessoas no pr\u00e9dio. <\/p>\n<p>Em dado momento, eles pediram um carro para a fuga. Um servidor se disp\u00f4s a descer at\u00e9 o estacionamento para entregar seu ve\u00edculo aos bandidos, que o agrediram a coronhadas. Por\u00e9m, o funcion\u00e1rio n\u00e3o entregou o carro e conseguiu fugir, assim como os criminosos.  <\/p>\n<p>J\u00e1 em um bairro vizinho, os bandidos entraram em uma cl\u00ednica m\u00e9dica, roubaram um ve\u00edculo e fugiram. Segundo a assessoria, a Pol\u00edcia Militar foi acionada e est\u00e1 em busca de suspeitos. \u201cGra\u00e7as a Deus, o \u00fanico dano foi emocional. Aqui dentro est\u00e3o trabalhando pessoas de bem. Somos funcion\u00e1rios, que batalham todo dia, mas gra\u00e7as a Deus, o pior n\u00e3o aconteceu\u201d, disse uma servidora.<\/p>\n<p>Funcion\u00e1rios da Prefeitura n\u00e3o reconheceram os bandidos como sendo da cidade. Concei\u00e7\u00e3o do Mato Dentro tem pouco mais de 18 mil habitantes, mas vive movimenta\u00e7\u00e3o intensa de forasteiros, por causa de projetos na \u00e1rea da minera\u00e7\u00e3o.<\/p>\n<p><img decoding=\"async\" src=\"http:\/\/aconteceunovale.com.br\/portal\/wp-content\/uploads\/2015\/02\/conceicao_prefeitura.jpg\" alt=\"\" \/><em>Crime assustou popula\u00e7\u00e3o de Concei\u00e7\u00e3o do Mato Dentro &#8211; Foto: Site da Prefeitura de CMD<\/em><br \/>\n<\/br><\/p>\n<p><em><strong>(Defato Online)<\/strong><\/em><\/p>\n","protected":false},"excerpt":{"rendered":"<p>Crime assustou popula\u00e7\u00e3o de Concei\u00e7\u00e3o do Mato Dentro. Pertences de funcion\u00e1rios foram levados pelos bandidos. A Prefeitura de Concei\u00e7\u00e3o do Mato Dentro foi alvo de criminosos na manh\u00e3 desta segunda-feira, 9 de fevereiro. Por volta das 9h, bandidos armados invadiram o pr\u00e9dio do governo municipal e roubaram pertences de funcion\u00e1rios que trabalhavam no local. O [&hellip;]<\/p>\n","protected":false},"author":1,"featured_media":52216,"comment_status":"open","ping_status":"closed","sticky":false,"template":"","format":"standard","meta":{"amp_status":"","footnotes":""},"categories":[123],"tags":[32978,628,32981,1018,32980,32979,32982,32977],"class_list":["post-52215","post","type-post","status-publish","format-standard","has-post-thumbnail","hentry","category-gerais","tag-assalto-na-prefeitura-de-conceicao-do-mato-dentro","tag-conceicao-do-mato-dentro","tag-crime-assustou-populacao-de-conceicao-do-mato-dentro","tag-destaque","tag-prefeitura-de-conceicao-do-mato-dentro","tag-prefeitura-de-conceicao-do-mato-dentro-e-assaltada","tag-prefeitura-de-conceicao-do-mato-dentro-e-assaltada-por-bandidos-armados","tag-prefeitura-de-conceicao-do-mato-dentro-foi-alvo-de-criminosos-na-manha-desta-segunda-feira"],"_links":{"self":[{"href":"https:\/\/aconteceunovale.com.br\/portal\/index.php?rest_route=\/wp\/v2\/posts\/52215","targetHints":{"allow":["GET"]}}],"collection":[{"href":"https:\/\/aconteceunovale.com.br\/portal\/index.php?rest_route=\/wp\/v2\/posts"}],"about":[{"href":"https:\/\/aconteceunovale.com.br\/portal\/index.php?rest_route=\/wp\/v2\/types\/post"}],"author":[{"embeddable":true,"href":"https:\/\/aconteceunovale.com.br\/portal\/index.php?rest_route=\/wp\/v2\/users\/1"}],"replies":[{"embeddable":true,"href":"https:\/\/aconteceunovale.com.br\/portal\/index.php?rest_route=%2Fwp%2Fv2%2Fcomments&post=52215"}],"version-history":[{"count":0,"href":"https:\/\/aconteceunovale.com.br\/portal\/index.php?rest_route=\/wp\/v2\/posts\/52215\/revisions"}],"wp:featuredmedia":[{"embeddable":true,"href":"https:\/\/aconteceunovale.com.br\/portal\/index.php?rest_route=\/wp\/v2\/media\/52216"}],"wp:attachment":[{"href":"https:\/\/aconteceunovale.com.br\/portal\/index.php?rest_route=%2Fwp%2Fv2%2Fmedia&parent=52215"}],"wp:term":[{"taxonomy":"category","embeddable":true,"href":"https:\/\/aconteceunovale.com.br\/portal\/index.php?rest_route=%2Fwp%2Fv2%2Fcategories&post=52215"},{"taxonomy":"post_tag","embeddable":true,"href":"https:\/\/aconteceunovale.com.br\/portal\/index.php?rest_route=%2Fwp%2Fv2%2Ftags&post=52215"}],"curies":[{"name":"wp","href":"https:\/\/api.w.org\/{rel}","templated":true}]}}