{"id":52207,"date":"2015-02-09T10:25:31","date_gmt":"2015-02-09T13:25:31","guid":{"rendered":"http:\/\/aconteceunovale.com.br\/portal\/?p=52207"},"modified":"2015-02-09T10:25:31","modified_gmt":"2015-02-09T13:25:31","slug":"duas-pessoas-sao-assassinadas-em-pedra-azul-e-itaobim-no-vale-do-jequitinhonha","status":"publish","type":"post","link":"https:\/\/aconteceunovale.com.br\/portal\/?p=52207","title":{"rendered":"Duas pessoas s\u00e3o assassinadas em Pedra Azul e Itaobim, no Vale do Jequitinhonha"},"content":{"rendered":"<h4><strong><em>Em Pedra Azul, um rapaz foi morto com golpes de machado e faca. J\u00e1 em Itaobim, a v\u00edtima de 22 anos foi assassinada a tiros.<\/em><\/strong><\/h4>\n<p>Em Itaobim, um jovem de 22 anos foi assassinado a tiros por volta de 1h50 da madrugada. De acordo com a Pol\u00edcia Militar, o crime aconteceu no Povoado de S\u00e3o Jo\u00e3o. Quando a guarni\u00e7\u00e3o policial chegou ao local, a v\u00edtima Cosmo Moreira Trindade estava sendo socorrida por uma equipe do Servi\u00e7o de Atendimento M\u00f3vel de Urg\u00eancia (SAMU).<\/p>\n<p>Ainda segundo a PM, o jovem foi encaminhado para o Hospital Vale do Jequitinhonha, mas n\u00e3o resistiu aos ferimentos e veio a \u00f3bito. O m\u00e9dico de plant\u00e3o informou aos militares que a v\u00edtima foi atingida por dois disparos de arma de fogo, sendo que um proj\u00e9til perfurou o intestino lado de esquerdo e o outro o p\u00e9 esquerdo. <\/p>\n<p>Denunciantes an\u00f4nimos informaram via 190, que a briga teria envolvido tr\u00eas pessoas. Conforme a PM, informa\u00e7\u00f5es colhidas no local d\u00e3o conta que o crime ocorreu por motivo passional e o autor dos disparos seria um indiv\u00edduo residente na comunidade. O terceiro envolvido seria um homem morador de Ponto dos Volantes.<\/p>\n<p>Durante a fuga, os suspeitos abandonaram uma motocicleta de cor preta, que foi apreendida. A Pol\u00edcia Militar realiza rastreamentos com intuito de localizar e prender os indiv\u00edduos, por\u00e9m sem \u00eaxito at\u00e9 o momento.<\/p>\n<h4>Em Pedra Azul<\/h4>\n<p>No final da noite desse domingo (8), um rapaz identificado como Pablo Vin\u00edcius foi assassinado em Pedra Azul. Segundo a Pol\u00edcia Militar, a v\u00edtima foi encontrada em sua casa, com um corte profundo no cr\u00e2nio, com perda de massa encef\u00e1lica. Uma equipe do Servi\u00e7o de Atendimento M\u00f3vel de Urg\u00eancia (SAMU) constatou o \u00f3bito do rapaz.<\/p>\n<p>A Per\u00edcia T\u00e9cnica da Pol\u00edcia Civil foi acionada e ap\u00f3s os trabalhos de praxe, o corpo foi encaminhado para o Instituto M\u00e9dico Legal (IML) da cidade.<\/p>\n<p>Ainda segundo a PM, testemunhas relataram que ouviram chutes na porta, seguidos de pedido de socorro, e quando sa\u00edram, viram a v\u00edtima ca\u00edda ao ch\u00e3o. Eles tamb\u00e9m relataram ter visto um suspeito com um machado na m\u00e3o e outros dois com fac\u00f5es.<\/p>\n<p>Durante rastreamentos, a Pol\u00edcia Militar localizou um menor de idade. Ele relatou aos militares que o crime teria sido motivado por vingan\u00e7a, j\u00e1 que em data anterior a v\u00edtima teria falado que um dos suspeitos teria roubado em um bar da cidade. Os outros indiv\u00edduos s\u00e3o procurados pela Pol\u00edcia.<\/p>\n","protected":false},"excerpt":{"rendered":"<p>Em Pedra Azul, um rapaz foi morto com golpes de machado e faca. J\u00e1 em Itaobim, a v\u00edtima de 22 anos foi assassinada a tiros. Em Itaobim, um jovem de 22 anos foi assassinado a tiros por volta de 1h50 da madrugada. De acordo com a Pol\u00edcia Militar, o crime aconteceu no Povoado de S\u00e3o [&hellip;]<\/p>\n","protected":false},"author":1,"featured_media":42404,"comment_status":"open","ping_status":"closed","sticky":false,"template":"","format":"standard","meta":{"amp_status":"","footnotes":""},"categories":[120],"tags":[10597,32952,32955,32949,32950,10598,32951,391,32954,32953,32956,455],"class_list":["post-52207","post","type-post","status-publish","format-standard","has-post-thumbnail","hentry","category-jequi","tag-assassinato-em-itaobim","tag-assassinato-em-pedra-azul","tag-cosmo-moreira-trindade","tag-duas-pessoas-sao-assassinadas-em-pedra-azul-e-itaobim","tag-duas-pessoas-sao-assassinadas-em-pedra-azul-e-itaobim-no-vale-do-jequitinhonha","tag-homicidio-em-itaobim","tag-homicidio-em-pedra-azul","tag-itaobim","tag-morte-em-itaobim","tag-morte-em-pedra-azul","tag-pablo-vinicius","tag-pedra-azul"],"_links":{"self":[{"href":"https:\/\/aconteceunovale.com.br\/portal\/index.php?rest_route=\/wp\/v2\/posts\/52207","targetHints":{"allow":["GET"]}}],"collection":[{"href":"https:\/\/aconteceunovale.com.br\/portal\/index.php?rest_route=\/wp\/v2\/posts"}],"about":[{"href":"https:\/\/aconteceunovale.com.br\/portal\/index.php?rest_route=\/wp\/v2\/types\/post"}],"author":[{"embeddable":true,"href":"https:\/\/aconteceunovale.com.br\/portal\/index.php?rest_route=\/wp\/v2\/users\/1"}],"replies":[{"embeddable":true,"href":"https:\/\/aconteceunovale.com.br\/portal\/index.php?rest_route=%2Fwp%2Fv2%2Fcomments&post=52207"}],"version-history":[{"count":0,"href":"https:\/\/aconteceunovale.com.br\/portal\/index.php?rest_route=\/wp\/v2\/posts\/52207\/revisions"}],"wp:featuredmedia":[{"embeddable":true,"href":"https:\/\/aconteceunovale.com.br\/portal\/index.php?rest_route=\/wp\/v2\/media\/42404"}],"wp:attachment":[{"href":"https:\/\/aconteceunovale.com.br\/portal\/index.php?rest_route=%2Fwp%2Fv2%2Fmedia&parent=52207"}],"wp:term":[{"taxonomy":"category","embeddable":true,"href":"https:\/\/aconteceunovale.com.br\/portal\/index.php?rest_route=%2Fwp%2Fv2%2Fcategories&post=52207"},{"taxonomy":"post_tag","embeddable":true,"href":"https:\/\/aconteceunovale.com.br\/portal\/index.php?rest_route=%2Fwp%2Fv2%2Ftags&post=52207"}],"curies":[{"name":"wp","href":"https:\/\/api.w.org\/{rel}","templated":true}]}}