{"id":52203,"date":"2015-02-09T09:50:53","date_gmt":"2015-02-09T12:50:53","guid":{"rendered":"http:\/\/aconteceunovale.com.br\/portal\/?p=52203"},"modified":"2015-02-09T09:50:53","modified_gmt":"2015-02-09T12:50:53","slug":"delegacia-virtual-facilita-vida-do-foliao-durante-o-carnaval-em-minas","status":"publish","type":"post","link":"https:\/\/aconteceunovale.com.br\/portal\/?p=52203","title":{"rendered":"Delegacia Virtual facilita vida do foli\u00e3o durante o Carnaval em Minas"},"content":{"rendered":"<h4><strong><em>Pela internet, com acesso tamb\u00e9m via celular, cidad\u00e3o poder\u00e1 registrar extravio de documentos e objetos, al\u00e9m de acidentes de tr\u00e2nsito sem v\u00edtimas<\/em><\/strong><\/h4>\n<p>Durante o Carnaval de 2015, a Delegacia Virtual ser\u00e1 uma ferramenta importante para facilitar o acesso do cidad\u00e3o a servi\u00e7os prestados pela Pol\u00edcia Civil de Minas Gerais. Ela poder\u00e1 ser usada para o registro via internet de ocorr\u00eancias comuns no per\u00edodo de folia, como acidentes de tr\u00e2nsito sem v\u00edtimas, de extravio ou perda de documentos e tamb\u00e9m de extravio de objetos pessoais, como celulares e c\u00e2meras fotogr\u00e1ficas.<\/p>\n<p>Outros casos de menor potencial ofensivo tamb\u00e9m continuar\u00e3o sendo registrados pelo sistema, como notifica\u00e7\u00e3o de desaparecimento ou localiza\u00e7\u00e3o de pessoas e para o registro de danos simples (como danos a patrim\u00f4nio privado, destrui\u00e7\u00e3o de bens, depreda\u00e7\u00f5es e picha\u00e7\u00f5es). \u201cNo momento em que o cidad\u00e3o opta pela  Delegacia Virtual para fazer o registro, ele poupa tempo e reduz o fluxo de demandas nas delegacias\u201d, destaca  a superintendente-adjunta de Informa\u00e7\u00f5es e Intelig\u00eancia Policial, delegada Yukari Miyata.<\/p>\n<h4>Novo aplicativo<\/h4>\n<p>Com o novo aplicativo, lan\u00e7ado no dia 20 de janeiro, a Delegacia Virtual poder\u00e1 ser acessada tamb\u00e9m por celulares e dispositivos m\u00f3veis (como tablets e smartphones), que utilizam o sistema Android, para o registro de acidentes sem v\u00edtimas e para a perda ou extravio de documentos e objetos pessoais.<\/p>\n<p><img decoding=\"async\" src=\"http:\/\/aconteceunovale.com.br\/portal\/wp-content\/uploads\/2015\/02\/delegacia_virtual_mg_1.png\" alt=\"\" \/><br \/>\n<\/br><\/p>\n<p>O envio de fotos para serem anexadas \u00e0 ocorr\u00eancia se tornou poss\u00edvel por meio do novo dispositivo, que permite ao usu\u00e1rio obter informa\u00e7\u00f5es da localiza\u00e7\u00e3o do fato por meio do Sistema de Posicionamento Global (GPS), que \u00e9 preenchido de forma autom\u00e1tica pelo sistema no documento.<\/p>\n<p>Implantada em 30 de abril de 2014, a Delegacia Virtual atualmente \u00e9 respons\u00e1vel por 19% do total de ocorr\u00eancias registradas pela Pol\u00edcia Civil de Minas Gerais. Ela pode ser acessada pelo site <a href=\"https:\/\/delegaciavirtual.sids.mg.gov.br\/\" target=\"_blank\">www.delegaciavirtual.sids.mg.gov.br<\/a> ou pelo link existente na p\u00e1gina da Pol\u00edcia Civil.<\/p>\n<p>Confira o balan\u00e7o de ocorr\u00eancias registradas na Delegacia Virtual desde a sua cria\u00e7\u00e3o (30\/abril\/2014 a 21\/janeiro\/2015):<\/p>\n<p><img decoding=\"async\" src=\"http:\/\/aconteceunovale.com.br\/portal\/wp-content\/uploads\/2015\/02\/delegacia_virtual_mg_2.jpg\" alt=\"\" \/><br \/>\n<\/br><\/p>\n<p><strong><em>(Ag\u00eancia Minas)<\/em><\/strong><\/p>\n","protected":false},"excerpt":{"rendered":"<p>Pela internet, com acesso tamb\u00e9m via celular, cidad\u00e3o poder\u00e1 registrar extravio de documentos e objetos, al\u00e9m de acidentes de tr\u00e2nsito sem v\u00edtimas Durante o Carnaval de 2015, a Delegacia Virtual ser\u00e1 uma ferramenta importante para facilitar o acesso do cidad\u00e3o a servi\u00e7os prestados pela Pol\u00edcia Civil de Minas Gerais. Ela poder\u00e1 ser usada para o [&hellip;]<\/p>\n","protected":false},"author":1,"featured_media":44402,"comment_status":"open","ping_status":"closed","sticky":false,"template":"","format":"standard","meta":{"amp_status":"","footnotes":""},"categories":[123],"tags":[29700,32947,3226,3225,32946,32948],"class_list":["post-52203","post","type-post","status-publish","format-standard","has-post-thumbnail","hentry","category-gerais","tag-carnaval-2015","tag-carnaval-2015-em-minas-gerais","tag-delegacia-virtual","tag-delegacia-virtual-de-minas-gerais","tag-delegacia-virtual-facilita-vida-do-foliao-durante-o-carnaval-em-minas","tag-registrar-ocorrencia-na-delegacia-virtual-de-minas-gerais"],"_links":{"self":[{"href":"https:\/\/aconteceunovale.com.br\/portal\/index.php?rest_route=\/wp\/v2\/posts\/52203","targetHints":{"allow":["GET"]}}],"collection":[{"href":"https:\/\/aconteceunovale.com.br\/portal\/index.php?rest_route=\/wp\/v2\/posts"}],"about":[{"href":"https:\/\/aconteceunovale.com.br\/portal\/index.php?rest_route=\/wp\/v2\/types\/post"}],"author":[{"embeddable":true,"href":"https:\/\/aconteceunovale.com.br\/portal\/index.php?rest_route=\/wp\/v2\/users\/1"}],"replies":[{"embeddable":true,"href":"https:\/\/aconteceunovale.com.br\/portal\/index.php?rest_route=%2Fwp%2Fv2%2Fcomments&post=52203"}],"version-history":[{"count":0,"href":"https:\/\/aconteceunovale.com.br\/portal\/index.php?rest_route=\/wp\/v2\/posts\/52203\/revisions"}],"wp:featuredmedia":[{"embeddable":true,"href":"https:\/\/aconteceunovale.com.br\/portal\/index.php?rest_route=\/wp\/v2\/media\/44402"}],"wp:attachment":[{"href":"https:\/\/aconteceunovale.com.br\/portal\/index.php?rest_route=%2Fwp%2Fv2%2Fmedia&parent=52203"}],"wp:term":[{"taxonomy":"category","embeddable":true,"href":"https:\/\/aconteceunovale.com.br\/portal\/index.php?rest_route=%2Fwp%2Fv2%2Fcategories&post=52203"},{"taxonomy":"post_tag","embeddable":true,"href":"https:\/\/aconteceunovale.com.br\/portal\/index.php?rest_route=%2Fwp%2Fv2%2Ftags&post=52203"}],"curies":[{"name":"wp","href":"https:\/\/api.w.org\/{rel}","templated":true}]}}