{"id":52196,"date":"2015-02-09T09:17:49","date_gmt":"2015-02-09T12:17:49","guid":{"rendered":"http:\/\/aconteceunovale.com.br\/portal\/?p=52196"},"modified":"2015-02-09T11:00:24","modified_gmt":"2015-02-09T14:00:24","slug":"definidos-os-shows-principais-da-festa-do-capelinhense-ausente-2015","status":"publish","type":"post","link":"https:\/\/aconteceunovale.com.br\/portal\/?p=52196","title":{"rendered":"Definidos os shows principais da Festa do Capelinhense Ausente 2015"},"content":{"rendered":"<h4><strong><em>Festa ter\u00e1 shows de renome nacional. A empresa Margem Produ\u00e7\u00f5es, do empres\u00e1rio Jo\u00e3o Wellington, foi escolhida para produ\u00e7\u00e3o do evento.<\/em><\/strong><\/h4>\n<p>A Prefeitura Municipal de Capelinha realizou na manh\u00e3 desta segunda-feira, 9 de fevereiro, a abertura de processo licitat\u00f3rio para escolha da empresa respons\u00e1vel pela Produ\u00e7\u00e3o da 29\u00aa Festa do Capelinhense Ausente. Apenas a empresa Margem Produ\u00e7\u00f5es, do empres\u00e1rio Jo\u00e3o Wellington, apresentou proposta e foi declarada vencedora do certame.<\/p>\n<p>A Festa do Capelinhense Ausente ser\u00e1 realizada no per\u00edodo de 16 a 19 de julho, no Parque de Exposi\u00e7\u00f5es. Os valores de pacotes, ingressos individuais e camarote, al\u00e9m dos shows prata da casa e regionais ser\u00e3o definidos pela comiss\u00e3o organizadora e empresa vencedora da licita\u00e7\u00e3o.<\/p>\n<p>Tamb\u00e9m nesta segunda-feira, foram divulgados os shows principais do evento. Confira abaixo a programa\u00e7\u00e3o oficial:<\/p>\n<p>&#8211; Quinta-feira (16\/07): Gusttavo Lima<br \/>\n&#8211; Sexta-feira (17\/07): Eduardo Costa<br \/>\n&#8211; S\u00e1bado (18\/07): Lucas Lucco e Banda Cheiro de Amor<br \/>\n&#8211; Domingo (19\/07): Galinha Pintadinha e C\u00e9sar e Paulinho<\/p>\n<p><img decoding=\"async\" src=\"http:\/\/aconteceunovale.com.br\/portal\/wp-content\/uploads\/2015\/02\/capelinhense_ausente_2015.jpg\" alt=\"\" \/><\/p>\n","protected":false},"excerpt":{"rendered":"<p>Festa ter\u00e1 shows de renome nacional. A empresa Margem Produ\u00e7\u00f5es, do empres\u00e1rio Jo\u00e3o Wellington, foi escolhida para produ\u00e7\u00e3o do evento. A Prefeitura Municipal de Capelinha realizou na manh\u00e3 desta segunda-feira, 9 de fevereiro, a abertura de processo licitat\u00f3rio para escolha da empresa respons\u00e1vel pela Produ\u00e7\u00e3o da 29\u00aa Festa do Capelinhense Ausente. Apenas a empresa Margem [&hellip;]<\/p>\n","protected":false},"author":1,"featured_media":52198,"comment_status":"open","ping_status":"closed","sticky":false,"template":"","format":"standard","meta":{"amp_status":"","footnotes":""},"categories":[125],"tags":[32964,32968,32966,32975,132,2482,32976,32944,1018,26264,32972,156,2481,32969,32971,32973,22590,32974,32970,32967,32965],"class_list":["post-52196","post","type-post","status-publish","format-standard","has-post-thumbnail","hentry","category-noticias","tag-29a-festa-do-capelinhense-ausente","tag-agenda-da-festa-do-capelinhense-ausente","tag-atracoes-da-festa-do-capelinhense-ausente","tag-banda-cheiro-de-amor-no-capelinhense-ausente-2015","tag-capelinha","tag-capelinhense-ausente","tag-cesar-e-paulinho-no-capelinhense-ausente-2015","tag-definidos-os-shows-principais-da-festa-do-capelinhense-ausente-2015","tag-destaque","tag-eduardo-costa","tag-eduardo-costa-no-capelinhense-ausente-2015","tag-empresario-joao-wellington","tag-festa-do-capelinhense-ausente","tag-festa-do-capelinhense-ausente-2015","tag-gusttavo-lima","tag-gusttavo-lima-no-capelinhense-ausente-2015","tag-joao-wellington","tag-lucas-lucco-no-capelinhense-ausente-2015","tag-margem-producoes","tag-programacao-da-festa-do-capelinhense-ausente","tag-shows-do-festa-do-capelinhense-ausente"],"_links":{"self":[{"href":"https:\/\/aconteceunovale.com.br\/portal\/index.php?rest_route=\/wp\/v2\/posts\/52196","targetHints":{"allow":["GET"]}}],"collection":[{"href":"https:\/\/aconteceunovale.com.br\/portal\/index.php?rest_route=\/wp\/v2\/posts"}],"about":[{"href":"https:\/\/aconteceunovale.com.br\/portal\/index.php?rest_route=\/wp\/v2\/types\/post"}],"author":[{"embeddable":true,"href":"https:\/\/aconteceunovale.com.br\/portal\/index.php?rest_route=\/wp\/v2\/users\/1"}],"replies":[{"embeddable":true,"href":"https:\/\/aconteceunovale.com.br\/portal\/index.php?rest_route=%2Fwp%2Fv2%2Fcomments&post=52196"}],"version-history":[{"count":0,"href":"https:\/\/aconteceunovale.com.br\/portal\/index.php?rest_route=\/wp\/v2\/posts\/52196\/revisions"}],"wp:featuredmedia":[{"embeddable":true,"href":"https:\/\/aconteceunovale.com.br\/portal\/index.php?rest_route=\/wp\/v2\/media\/52198"}],"wp:attachment":[{"href":"https:\/\/aconteceunovale.com.br\/portal\/index.php?rest_route=%2Fwp%2Fv2%2Fmedia&parent=52196"}],"wp:term":[{"taxonomy":"category","embeddable":true,"href":"https:\/\/aconteceunovale.com.br\/portal\/index.php?rest_route=%2Fwp%2Fv2%2Fcategories&post=52196"},{"taxonomy":"post_tag","embeddable":true,"href":"https:\/\/aconteceunovale.com.br\/portal\/index.php?rest_route=%2Fwp%2Fv2%2Ftags&post=52196"}],"curies":[{"name":"wp","href":"https:\/\/api.w.org\/{rel}","templated":true}]}}