{"id":52181,"date":"2015-02-08T20:06:41","date_gmt":"2015-02-08T23:06:41","guid":{"rendered":"http:\/\/aconteceunovale.com.br\/portal\/?p=52181"},"modified":"2015-02-08T20:06:41","modified_gmt":"2015-02-08T23:06:41","slug":"quatro-pessoas-ficam-feridas-apos-carro-cair-em-barranco-no-municipio-de-carbonita","status":"publish","type":"post","link":"https:\/\/aconteceunovale.com.br\/portal\/?p=52181","title":{"rendered":"Quatro pessoas ficam feridas ap\u00f3s carro cair em barranco no munic\u00edpio de Carbonita"},"content":{"rendered":"<h4><strong><em>Carro capotou e caiu em um barranco. Tr\u00eas v\u00edtimas foram transferidas para Diamantina.<\/em><\/strong><\/h4>\n<p>Um capotamento de ve\u00edculo deixou quatro pessoas feridas na tarde desse s\u00e1bado, 7 de fevereiro, pr\u00f3ximo a localidade de Morro Redondo, no munic\u00edpio de Carbonita, no Vale do Jequitinhonha. De acordo com informa\u00e7\u00f5es, o condutor do ve\u00edculo VW Gol, placas de Itamarandiba, teria perdido o controle da dire\u00e7\u00e3o, capotou e caiu em um barranco \u00e0s margens da rodovia.<\/p>\n<p>Com o impacto do acidente, os quatro ocupantes ficaram feridos. Tr\u00eas deles foram socorridos para o Hospital S\u00e3o Vicente de Paulo, em Itamarandiba, onde receberam atendimento m\u00e9dico e posteriormente foram transferidos para um hospital de Diamantina. A quarta v\u00edtima permaneceu em observa\u00e7\u00e3o no Hospital de Carbonita.<\/p>\n<p>Os ocupantes do ve\u00edculo s\u00e3o moradores de Itamarandiba. O estado de sa\u00fade deles n\u00e3o foi divulgado.<\/p>\n<p><img decoding=\"async\" src=\"http:\/\/aconteceunovale.com.br\/portal\/wp-content\/uploads\/2015\/02\/acidente_carbonita_7_2.jpg\" alt=\"\" \/><em>Carro capotou e caiu em um barranco no munic\u00edpio de Carbonita &#8211; Foto: Not\u00edcias no Vale<\/em><br \/>\n<\/br><\/p>\n<p><strong><em>(Com informa\u00e7\u00f5es do site Not\u00edcias no Vale)<\/em><\/strong><\/p>\n","protected":false},"excerpt":{"rendered":"<p>Carro capotou e caiu em um barranco. Tr\u00eas v\u00edtimas foram transferidas para Diamantina. Um capotamento de ve\u00edculo deixou quatro pessoas feridas na tarde desse s\u00e1bado, 7 de fevereiro, pr\u00f3ximo a localidade de Morro Redondo, no munic\u00edpio de Carbonita, no Vale do Jequitinhonha. De acordo com informa\u00e7\u00f5es, o condutor do ve\u00edculo VW Gol, placas de Itamarandiba, [&hellip;]<\/p>\n","protected":false},"author":1,"featured_media":52182,"comment_status":"open","ping_status":"closed","sticky":false,"template":"","format":"standard","meta":{"amp_status":"","footnotes":""},"categories":[120],"tags":[32929,32931,32930,22357,557,198,149,32928],"class_list":["post-52181","post","type-post","status-publish","format-standard","has-post-thumbnail","hentry","category-jequi","tag-acidente-com-carro-de-itamarandiba","tag-acidente-com-carro-de-itamarandiba-em-carbonita","tag-acidente-com-gol-de-itamarandiba","tag-acidente-em-carbonita","tag-carbonita","tag-diamantina","tag-itamarandiba","tag-quatro-pessoas-ficam-feridas-apos-carro-cair-em-barranco-no-municipio-de-carbonita"],"_links":{"self":[{"href":"https:\/\/aconteceunovale.com.br\/portal\/index.php?rest_route=\/wp\/v2\/posts\/52181","targetHints":{"allow":["GET"]}}],"collection":[{"href":"https:\/\/aconteceunovale.com.br\/portal\/index.php?rest_route=\/wp\/v2\/posts"}],"about":[{"href":"https:\/\/aconteceunovale.com.br\/portal\/index.php?rest_route=\/wp\/v2\/types\/post"}],"author":[{"embeddable":true,"href":"https:\/\/aconteceunovale.com.br\/portal\/index.php?rest_route=\/wp\/v2\/users\/1"}],"replies":[{"embeddable":true,"href":"https:\/\/aconteceunovale.com.br\/portal\/index.php?rest_route=%2Fwp%2Fv2%2Fcomments&post=52181"}],"version-history":[{"count":0,"href":"https:\/\/aconteceunovale.com.br\/portal\/index.php?rest_route=\/wp\/v2\/posts\/52181\/revisions"}],"wp:featuredmedia":[{"embeddable":true,"href":"https:\/\/aconteceunovale.com.br\/portal\/index.php?rest_route=\/wp\/v2\/media\/52182"}],"wp:attachment":[{"href":"https:\/\/aconteceunovale.com.br\/portal\/index.php?rest_route=%2Fwp%2Fv2%2Fmedia&parent=52181"}],"wp:term":[{"taxonomy":"category","embeddable":true,"href":"https:\/\/aconteceunovale.com.br\/portal\/index.php?rest_route=%2Fwp%2Fv2%2Fcategories&post=52181"},{"taxonomy":"post_tag","embeddable":true,"href":"https:\/\/aconteceunovale.com.br\/portal\/index.php?rest_route=%2Fwp%2Fv2%2Ftags&post=52181"}],"curies":[{"name":"wp","href":"https:\/\/api.w.org\/{rel}","templated":true}]}}