{"id":52179,"date":"2015-02-08T19:48:09","date_gmt":"2015-02-08T22:48:09","guid":{"rendered":"http:\/\/aconteceunovale.com.br\/portal\/?p=52179"},"modified":"2015-02-08T19:48:09","modified_gmt":"2015-02-08T22:48:09","slug":"jovem-e-assassinado-a-facadas-em-itamarandiba","status":"publish","type":"post","link":"https:\/\/aconteceunovale.com.br\/portal\/?p=52179","title":{"rendered":"Jovem \u00e9 assassinado a facadas em Itamarandiba"},"content":{"rendered":"<h4><strong><em>Outras duas pessoas ficaram feridas. Motiva\u00e7\u00e3o do crime \u00e9 investigada pela Pol\u00edcia.<\/em><\/strong><\/h4>\n<p>Um desentendimento entre dois jovens acabou em morte no in\u00edcio madrugada desse domingo, 8 de fevereiro, em Itamarandiba, no Vale do Jequitinhonha. De acordo com informa\u00e7\u00f5es, por volta de 00h30, Rafael J\u00fanior Meira, conhecido como Rafinha, foi atingido por v\u00e1rias facadas na Rua Diamantina, no Bairro S\u00e3o Geraldo. <\/p>\n<p>Na tentativa de salvar a v\u00edtima, outros dois jovens que estavam com ele tentaram evitar a agress\u00e3o e tamb\u00e9m ficaram feridos. Rafael chegou a ser socorrido e encaminhado para atendimento m\u00e9dico em um hospital da cidade, mas n\u00e3o resistiu aos ferimentos e veio a \u00f3bito.<\/p>\n<p>A motiva\u00e7\u00e3o do crime \u00e9 investigada pela Pol\u00edcia. Rastreamentos s\u00e3o realizados com intuito de localizar e prender o autor.<\/p>\n<p><img decoding=\"async\" src=\"http:\/\/aconteceunovale.com.br\/portal\/wp-content\/uploads\/2015\/01\/itamarandiba_mg1.jpg\" alt=\"\" \/><em>Jovem foi assassinado em Itamarandiba, no Vale do Jequitinhonha &#8211; Foto: Reprodu\u00e7\u00e3o<\/em><br \/>\n<\/br><\/p>\n<p><strong><em>(Com informa\u00e7\u00f5es do site Not\u00edcias no Vale)<\/em><\/strong><\/p>\n","protected":false},"excerpt":{"rendered":"<p>Outras duas pessoas ficaram feridas. Motiva\u00e7\u00e3o do crime \u00e9 investigada pela Pol\u00edcia. Um desentendimento entre dois jovens acabou em morte no in\u00edcio madrugada desse domingo, 8 de fevereiro, em Itamarandiba, no Vale do Jequitinhonha. De acordo com informa\u00e7\u00f5es, por volta de 00h30, Rafael J\u00fanior Meira, conhecido como Rafinha, foi atingido por v\u00e1rias facadas na Rua [&hellip;]<\/p>\n","protected":false},"author":1,"featured_media":50490,"comment_status":"open","ping_status":"closed","sticky":false,"template":"","format":"standard","meta":{"amp_status":"","footnotes":""},"categories":[120],"tags":[32926,14084,149,32927,32924,32925],"class_list":["post-52179","post","type-post","status-publish","format-standard","has-post-thumbnail","hentry","category-jequi","tag-assassinato-em-itamarandiba","tag-homicidio-em-itamarandiba","tag-itamarandiba","tag-jovem-assassinado-em-itamarandiba","tag-jovem-e-assassinado-a-facadas-em-itamarandiba","tag-rafael-junior-meira"],"_links":{"self":[{"href":"https:\/\/aconteceunovale.com.br\/portal\/index.php?rest_route=\/wp\/v2\/posts\/52179","targetHints":{"allow":["GET"]}}],"collection":[{"href":"https:\/\/aconteceunovale.com.br\/portal\/index.php?rest_route=\/wp\/v2\/posts"}],"about":[{"href":"https:\/\/aconteceunovale.com.br\/portal\/index.php?rest_route=\/wp\/v2\/types\/post"}],"author":[{"embeddable":true,"href":"https:\/\/aconteceunovale.com.br\/portal\/index.php?rest_route=\/wp\/v2\/users\/1"}],"replies":[{"embeddable":true,"href":"https:\/\/aconteceunovale.com.br\/portal\/index.php?rest_route=%2Fwp%2Fv2%2Fcomments&post=52179"}],"version-history":[{"count":0,"href":"https:\/\/aconteceunovale.com.br\/portal\/index.php?rest_route=\/wp\/v2\/posts\/52179\/revisions"}],"wp:featuredmedia":[{"embeddable":true,"href":"https:\/\/aconteceunovale.com.br\/portal\/index.php?rest_route=\/wp\/v2\/media\/50490"}],"wp:attachment":[{"href":"https:\/\/aconteceunovale.com.br\/portal\/index.php?rest_route=%2Fwp%2Fv2%2Fmedia&parent=52179"}],"wp:term":[{"taxonomy":"category","embeddable":true,"href":"https:\/\/aconteceunovale.com.br\/portal\/index.php?rest_route=%2Fwp%2Fv2%2Fcategories&post=52179"},{"taxonomy":"post_tag","embeddable":true,"href":"https:\/\/aconteceunovale.com.br\/portal\/index.php?rest_route=%2Fwp%2Fv2%2Ftags&post=52179"}],"curies":[{"name":"wp","href":"https:\/\/api.w.org\/{rel}","templated":true}]}}