{"id":52168,"date":"2015-02-08T15:37:29","date_gmt":"2015-02-08T18:37:29","guid":{"rendered":"http:\/\/aconteceunovale.com.br\/portal\/?p=52168"},"modified":"2015-02-08T15:37:29","modified_gmt":"2015-02-08T18:37:29","slug":"jovem-de-24-anos-e-assassinado-a-tiros-em-governador-valadares","status":"publish","type":"post","link":"https:\/\/aconteceunovale.com.br\/portal\/?p=52168","title":{"rendered":"Jovem de 24 anos \u00e9 assassinado a tiros em Governador Valadares"},"content":{"rendered":"<h4><strong><em>Segundo a Pol\u00edcia Militar, a v\u00edtima tinha passagens por tr\u00e1fico de drogas.<\/em><\/strong><\/h4>\n<p>Um rapaz de 25 anos foi assassinado a tiros no fim da manh\u00e3 de s\u00e1bado, 7 de fevereiro, em Governador Valadares, no Vale do Rio Doce. O corpo de Fl\u00e1vio Mendes Moreira foi encontrado no quintal de uma casa, no bairro Santa Terezinha. <\/p>\n<p>A pol\u00edcia foi acionada pelos vizinhos, que ouviram pelos menos tr\u00eas disparos. Segundo a Pol\u00edcia Militar, a v\u00edtima tinha passagens por tr\u00e1fico de drogas, mas ainda n\u00e3o \u00e9 poss\u00edvel afirmar se a morte tem liga\u00e7\u00e3o com os crimes.<\/p>\n<p>A Per\u00edcia T\u00e9cnica da Pol\u00edcia Civil compareceu ao local e ap\u00f3s procedimentos de praxe, o corpo foi encaminhado para o Instituto M\u00e9dico Legal (IML) de Governador Valadares.<\/p>\n<p><img decoding=\"async\" src=\"http:\/\/aconteceunovale.com.br\/portal\/wp-content\/uploads\/2015\/02\/homicidio_gv_8_1.jpg\" alt=\"\" \/><em>Corpo foi encontrado no bairro Santa Terezinha &#8211; Foto: Roberto Higino \/ Caso de Pol\u00edcia<\/em><br \/>\n<\/br><\/p>\n<p><em><strong>(Inter TV dos Vales)<\/strong><\/em><\/p>\n","protected":false},"excerpt":{"rendered":"<p>Segundo a Pol\u00edcia Militar, a v\u00edtima tinha passagens por tr\u00e1fico de drogas. Um rapaz de 25 anos foi assassinado a tiros no fim da manh\u00e3 de s\u00e1bado, 7 de fevereiro, em Governador Valadares, no Vale do Rio Doce. O corpo de Fl\u00e1vio Mendes Moreira foi encontrado no quintal de uma casa, no bairro Santa Terezinha. [&hellip;]<\/p>\n","protected":false},"author":1,"featured_media":52169,"comment_status":"open","ping_status":"closed","sticky":false,"template":"","format":"standard","meta":{"amp_status":"","footnotes":""},"categories":[121],"tags":[32915,247,21863,32917,32916],"class_list":["post-52168","post","type-post","status-publish","format-standard","has-post-thumbnail","hentry","category-leste","tag-flavio-mendes-moreira","tag-governador-valadares","tag-homicidio-em-valadares","tag-jovem-de-24-anos-e-assassinado-a-tiros-em-governador-valadares","tag-morte-em-governador-valadares"],"_links":{"self":[{"href":"https:\/\/aconteceunovale.com.br\/portal\/index.php?rest_route=\/wp\/v2\/posts\/52168","targetHints":{"allow":["GET"]}}],"collection":[{"href":"https:\/\/aconteceunovale.com.br\/portal\/index.php?rest_route=\/wp\/v2\/posts"}],"about":[{"href":"https:\/\/aconteceunovale.com.br\/portal\/index.php?rest_route=\/wp\/v2\/types\/post"}],"author":[{"embeddable":true,"href":"https:\/\/aconteceunovale.com.br\/portal\/index.php?rest_route=\/wp\/v2\/users\/1"}],"replies":[{"embeddable":true,"href":"https:\/\/aconteceunovale.com.br\/portal\/index.php?rest_route=%2Fwp%2Fv2%2Fcomments&post=52168"}],"version-history":[{"count":0,"href":"https:\/\/aconteceunovale.com.br\/portal\/index.php?rest_route=\/wp\/v2\/posts\/52168\/revisions"}],"wp:featuredmedia":[{"embeddable":true,"href":"https:\/\/aconteceunovale.com.br\/portal\/index.php?rest_route=\/wp\/v2\/media\/52169"}],"wp:attachment":[{"href":"https:\/\/aconteceunovale.com.br\/portal\/index.php?rest_route=%2Fwp%2Fv2%2Fmedia&parent=52168"}],"wp:term":[{"taxonomy":"category","embeddable":true,"href":"https:\/\/aconteceunovale.com.br\/portal\/index.php?rest_route=%2Fwp%2Fv2%2Fcategories&post=52168"},{"taxonomy":"post_tag","embeddable":true,"href":"https:\/\/aconteceunovale.com.br\/portal\/index.php?rest_route=%2Fwp%2Fv2%2Ftags&post=52168"}],"curies":[{"name":"wp","href":"https:\/\/api.w.org\/{rel}","templated":true}]}}