{"id":51966,"date":"2015-02-06T16:27:33","date_gmt":"2015-02-06T19:27:33","guid":{"rendered":"http:\/\/aconteceunovale.com.br\/portal\/?p=51966"},"modified":"2015-02-06T16:29:12","modified_gmt":"2015-02-06T19:29:12","slug":"lama-causa-transtornos-a-estudantes-do-ifmg-em-governador-valadares","status":"publish","type":"post","link":"https:\/\/aconteceunovale.com.br\/portal\/?p=51966","title":{"rendered":"Lama causa transtornos a estudantes do IFMG em Governador Valadares"},"content":{"rendered":"<h4><strong><em>Acesso at\u00e9 a Institui\u00e7\u00e3o Federal segue sem pavimenta\u00e7\u00e3o. Alunos t\u00eam que enfrentar muita lama para chegar ao local.<\/em><\/strong><\/h4>\n<p>A t\u00e3o aguardada chuva chegou em Governador Valadares, mas apesar de amenizar o forte calor dos \u00faltimos dias, veio tamb\u00e9m trazendo transtornos aos alunos do Instituto Federal de Minas Gerais (IFMG) de Governador Valadares. Estudantes contam que a estrada que d\u00e1 acesso ao instituto n\u00e3o \u00e9 pavimentada e a lama causada pela chuva impede que os estudantes cheguem at\u00e9 o local.<\/p>\n<p>\u201cTem um \u00f4nibus que faz o transporte, mas quando chove ele s\u00f3 vai ate o final do bairro Cidade Nova, porque h\u00e1 o risco de ficar atolado. Da\u00ed, alguns alunos descem e enfrentam uma estrada alternativa, que \u00e9 paralela a estrada de ch\u00e3o, mas o barro acaba escoando para esta estrada e causando os mesmo transtornos\u201d, explica o estudante Rhuan Fernandes.<\/p>\n<p>Al\u00e9m do problema de acesso, Willian Chaves, 22 anos, revelou outro constrangimento que ser\u00e1 obrigado a enfrentar devido \u00e0 lama e a falta de pavimenta\u00e7\u00e3o da estrada do IFMG. Willian \u00e9 colega de turma de Rhuan Fernandes. Ambos est\u00e3o concluindo o curso de T\u00e9cnico em Seguran\u00e7a do Trabalho e t\u00eam cola\u00e7\u00e3o de grau agendada para a noite desta sexta-feira (6).<\/p>\n<p>\u201cJ\u00e1 fiz contato com os convidados e com os familiares, e pedi que fossem cal\u00e7ados com chinelos, chegassem mais cedo, justamente por causa da lama. \u00c9 constrangedor! Entra ano e sai ano e sempre enfrentamos esse problema, e nada se resolve. Iniciamos o curso em abril de 2012, e quando n\u00e3o \u00e9 a lama \u00e9 a poeira\u201d, afirma Willian.<\/p>\n<p><img decoding=\"async\" src=\"http:\/\/aconteceunovale.com.br\/portal\/wp-content\/uploads\/2015\/02\/lama_ifmg.jpg\" alt=\"\" \/><em>Estudantes enfrentam muita lama para chegarem at\u00e9 o IFMG (Foto: Willian Chaves\/G1)<\/em><br \/>\n<\/br><\/p>\n<h4>Provid\u00eancias<\/h4>\n<p>Atrav\u00e9s de nota, a prefeitura informou que est\u00e1 em busca de recursos junto ao DNIT para fazer a obra que incluiria a liga\u00e7\u00e3o da avenida Minas Gerais at\u00e9 a BR-116, perto de onde est\u00e1 sendo constru\u00eddo o Hospital Regional.<\/p>\n<p>Por\u00e9m, enquanto a obra definitiva n\u00e3o acontece, a prefeitura diz que tem tomado provid\u00eancias para que mesmo com chuvas, as aulas no IFMG sejam mantidas. \u201cO governo municipal fez acordo com a propriet\u00e1ria do loteamento Ouro Verde, para libera\u00e7\u00e3o da via principal asfaltada at\u00e9 o port\u00e3o lateral do campus do IFMG. Assim, com a estrada de terra invi\u00e1vel, a Valadarense vai at\u00e9 o final do bairro Cidade Nova, e um \u00f4nibus do IFMG completa a viagem at\u00e9 o campus\u201d, diz a nota.<\/p>\n<p>A Secretaria Municipal de Educa\u00e7\u00e3o colocou motorista \u00e0 disposi\u00e7\u00e3o para a noite e \u00f4nibus, para as aulas n\u00e3o serem interrompidas. Este mesmo \u00f4nibus dever\u00e1 fazer o transporte dos alunos, que ter\u00e3o cola\u00e7\u00e3o de grau na noite desta sexta.<\/p>\n<p>Por\u00e9m, os alunos dizem que at\u00e9 para pegar o \u00f4nibus est\u00e1 dif\u00edcil. \u201cEstive no local onde \u00f4nibus vai buscar a gente, e l\u00e1 tamb\u00e9m h\u00e1 muita lama. At\u00e9 fiz fotos e enviei para os demais colegas se prepararem\u201d, lamenta o estudante Willian Chaves.<\/p>\n<p>A prefeitura tamb\u00e9m informou que na pr\u00f3xima semana a Secretaria Municipal de Obras aprovar\u00e1 a pavimenta\u00e7\u00e3o do Ouro Verde, a Secretaria Municipal de Servi\u00e7os Urbanos far\u00e1 a sinaliza\u00e7\u00e3o, de modo que ve\u00edculos leves e \u00f4nibus da Valadarense poder\u00e3o chegar ao campus, sem passar pela estrada de ch\u00e3o.<\/p>\n<p><strong><em>(Fonte: Inter TV dos Vales)<\/em><\/strong><\/p>\n","protected":false},"excerpt":{"rendered":"<p>Acesso at\u00e9 a Institui\u00e7\u00e3o Federal segue sem pavimenta\u00e7\u00e3o. Alunos t\u00eam que enfrentar muita lama para chegar ao local. A t\u00e3o aguardada chuva chegou em Governador Valadares, mas apesar de amenizar o forte calor dos \u00faltimos dias, veio tamb\u00e9m trazendo transtornos aos alunos do Instituto Federal de Minas Gerais (IFMG) de Governador Valadares. Estudantes contam que [&hellip;]<\/p>\n","protected":false},"author":1,"featured_media":51967,"comment_status":"open","ping_status":"closed","sticky":false,"template":"","format":"standard","meta":{"amp_status":"","footnotes":""},"categories":[121],"tags":[247,160,32624,32623],"class_list":["post-51966","post","type-post","status-publish","format-standard","has-post-thumbnail","hentry","category-leste","tag-governador-valadares","tag-ifmg","tag-ifmg-de-governador-valadares","tag-lama-causa-transtornos-a-estudantes-do-ifmg-em-governador-valadares"],"_links":{"self":[{"href":"https:\/\/aconteceunovale.com.br\/portal\/index.php?rest_route=\/wp\/v2\/posts\/51966","targetHints":{"allow":["GET"]}}],"collection":[{"href":"https:\/\/aconteceunovale.com.br\/portal\/index.php?rest_route=\/wp\/v2\/posts"}],"about":[{"href":"https:\/\/aconteceunovale.com.br\/portal\/index.php?rest_route=\/wp\/v2\/types\/post"}],"author":[{"embeddable":true,"href":"https:\/\/aconteceunovale.com.br\/portal\/index.php?rest_route=\/wp\/v2\/users\/1"}],"replies":[{"embeddable":true,"href":"https:\/\/aconteceunovale.com.br\/portal\/index.php?rest_route=%2Fwp%2Fv2%2Fcomments&post=51966"}],"version-history":[{"count":0,"href":"https:\/\/aconteceunovale.com.br\/portal\/index.php?rest_route=\/wp\/v2\/posts\/51966\/revisions"}],"wp:featuredmedia":[{"embeddable":true,"href":"https:\/\/aconteceunovale.com.br\/portal\/index.php?rest_route=\/wp\/v2\/media\/51967"}],"wp:attachment":[{"href":"https:\/\/aconteceunovale.com.br\/portal\/index.php?rest_route=%2Fwp%2Fv2%2Fmedia&parent=51966"}],"wp:term":[{"taxonomy":"category","embeddable":true,"href":"https:\/\/aconteceunovale.com.br\/portal\/index.php?rest_route=%2Fwp%2Fv2%2Fcategories&post=51966"},{"taxonomy":"post_tag","embeddable":true,"href":"https:\/\/aconteceunovale.com.br\/portal\/index.php?rest_route=%2Fwp%2Fv2%2Ftags&post=51966"}],"curies":[{"name":"wp","href":"https:\/\/api.w.org\/{rel}","templated":true}]}}