{"id":51960,"date":"2015-02-06T16:03:18","date_gmt":"2015-02-06T19:03:18","guid":{"rendered":"http:\/\/aconteceunovale.com.br\/portal\/?p=51960"},"modified":"2015-02-06T16:03:18","modified_gmt":"2015-02-06T19:03:18","slug":"agua-da-chuva-invade-casas-em-bairro-de-montes-claros","status":"publish","type":"post","link":"https:\/\/aconteceunovale.com.br\/portal\/?p=51960","title":{"rendered":"\u00c1gua da chuva invade casas em bairro de Montes Claros"},"content":{"rendered":"<h4><strong><em>Na Rua Lagoa Santa Helena, no bairro Carmelo, moradores tiveram muitos preju\u00edzos. Carro ficou atolado na Alameda Brasil, no Santa L\u00facia.<\/em><\/strong><\/h4>\n<p>A chuva que atingiu Montes Claros na manh\u00e3 desta sexta-feira (6) causou alguns transtornos. As ocorr\u00eancias de maior gravidade foram registradas no Bairro Carmelo e Santa L\u00facia, segundo Corpo de Bombeiros. N\u00e3o h\u00e1 registro de feridos.<\/p>\n<p>Na Rua Lagoa Santa Helena v\u00e1rios im\u00f3veis foram invadidos pela \u00e1gua, o de C\u00e9lia Jesus Pereira foi um deles. &#8220;Quando levantei a geladeira j\u00e1 estava navegando, s\u00f3 n\u00e3o fui levada porque acordei a tempo. A \u00e1gua j\u00e1 estava acima das minhas canelas.&#8221;<\/p>\n<p>A costureira conta ainda que perdeu todos os eletrodom\u00e9sticos, m\u00f3veis e documentos. A for\u00e7a da \u00e1gua chegou a tombar a geladeira dela, que mora no local h\u00e1 sete anos e diz nunca ter presenciado alguma situa\u00e7\u00e3o semelhante. &#8220;Eu e minha filha de sete ano est\u00e1vamos dormindo, ela ficou em p\u00e2nico, desesperada&#8221;, completa.<\/p>\n<p>&#8220;As sa\u00eddas de drenagem de \u00e1gua foram tampadas com o lixo que veio da rua e do pr\u00f3prio im\u00f3vel. O excesso de \u00e1gua que estava na resid\u00eancia foi retirado com uma bomba&#8221;, explica o sargento Waladan Fernandes, dos Bombeiros.<\/p>\n<p>Tatiane Rodrigues, que tamb\u00e9m \u00e9 costureira, e mora na mesma rua de C\u00e9lia, diz que estava dormindo com o filho de 15 anos quando percebeu que a \u00e1gua havia invadido a casa.<\/p>\n<p>&#8220;Levantei para tomar \u00e1gua e escutei um batido, parecendo que estava quebrando alguma coisa. Deitei de novo e levantei, em quest\u00e3o de cinco minutos estourou o port\u00e3o e a casa encheu de \u00e1gua&#8221;.<\/p>\n<p>A moradora que est\u00e1 no bairro h\u00e1 um ano diz que as casas foram invadidas pela \u00e1gua porque a Prefeitura asfaltou a rua e n\u00e3o h\u00e1 nenhum lugar por onde a \u00e1gua possa escoar.<\/p>\n<p>&#8220;Esta obra est\u00e1 assim desde o ano passado e ningu\u00e9m faz nada, n\u00e3o tem bueiros, n\u00e3o tem meio-fio. Eu n\u00e3o posso mudar, mas como vou fazer? N\u00e3o tenho como comprar minhas coisas de novo e ainda pagar aluguel, ganho sal\u00e1rio m\u00ednimo&#8221;,  desabafa.<\/p>\n<p><img decoding=\"async\" src=\"http:\/\/aconteceunovale.com.br\/portal\/wp-content\/uploads\/2015\/02\/chuva_moc_6_2.jpg\" alt=\"\" \/><em>C\u00e9lia perdeu m\u00f3veis, documentos e eletrodom\u00e9sticos (Foto: Michelly Oda \/ G1)<\/em><br \/>\n<\/br><\/p>\n<h4>Bairro Santa L\u00facia<\/h4>\n<p>Na Alameda Brasil, paralela ao C\u00f3rrego das Melancias, os Bombeiros tiveram que ajudar um motorista a retirar o ve\u00edculo dele, que ficou preso na rua. &#8220;Eu estava vindo embora, fui tentar descer e a \u00e1gua come\u00e7ou a levar meu carro&#8221;, fala Wagner Correia. &#8220;A \u00e1gua estava em cima da porta, esperei abaixar para sair&#8221;, diz o chapista de lanchonete.<\/p>\n<p>O morador Cl\u00e1udio Augusto, conta que estava em casa, quando ouviu Wagner acelerando para tentar desatolar. &#8220;N\u00e3o \u00e9 a primeira vez que isso acontece, outras vezes vi carros descendo e atolando, os motoristas ficam desesperados, com medo da chuva levar os ve\u00edculos para dentro do c\u00f3rrego&#8221;.<\/p>\n<p>O pastor evang\u00e9lico tamb\u00e9m fala que os moradores j\u00e1 fizeram manifesta\u00e7\u00f5es, reivindicando o asfaltamento, a inten\u00e7\u00e3o deles \u00e9 tentar trazer um secret\u00e1rio ou o prefeito para que possam ver a situa\u00e7\u00e3o da Alameda Brasil.<\/p>\n<h4>O que diz a Prefeitura?<\/h4>\n<p>A Prefeitura afirmou por nota que est\u00e1 acompanhando a situa\u00e7\u00e3o dos moradores da Rua Lagoa Santa Helena. Uma equipe da Defesa Civil esteve no local e um caminh\u00e3o-pipa foi disponibilizado para ajudar na limpeza dos im\u00f3veis.<\/p>\n<p>Ainda de acordo com a Prefeitura, o local est\u00e1 recebendo uma ampla obra, que beneficiar\u00e1 mais de 20 ruas do bairro. &#8220;Infelizmente, a chuva t\u00e3o esperada caiu em um momento em que a pavimenta\u00e7\u00e3o da rua ainda n\u00e3o estava conclu\u00edda, faltando a coloca\u00e7\u00e3o de meio-fio e constru\u00e7\u00e3o de passeio&#8221;, diz a Administra\u00e7\u00e3o Municipal.<\/p>\n<p>A Prefeitura esclarece que a coloca\u00e7\u00e3o dos meios-fios impedir\u00e1 que o problema se repita, j\u00e1 que eles proporcionar\u00e3o o correto escoamento da \u00e1gua.  <\/p>\n<p>Com rela\u00e7\u00e3o \u00e0 Alameda Brasil, as obras de asfaltamento e drenagem chegar\u00e3o ao bairro Santa L\u00facia, que est\u00e1 inclu\u00eddo no cronograma da Prefeitura.<\/p>\n<p><em><strong>(Fonte: Inter TV Grande Minas)<\/strong><\/em><\/p>\n","protected":false},"excerpt":{"rendered":"<p>Na Rua Lagoa Santa Helena, no bairro Carmelo, moradores tiveram muitos preju\u00edzos. Carro ficou atolado na Alameda Brasil, no Santa L\u00facia. A chuva que atingiu Montes Claros na manh\u00e3 desta sexta-feira (6) causou alguns transtornos. As ocorr\u00eancias de maior gravidade foram registradas no Bairro Carmelo e Santa L\u00facia, segundo Corpo de Bombeiros. N\u00e3o h\u00e1 registro [&hellip;]<\/p>\n","protected":false},"author":1,"featured_media":51961,"comment_status":"open","ping_status":"closed","sticky":false,"template":"","format":"standard","meta":{"amp_status":"","footnotes":""},"categories":[1236],"tags":[32617,32618,20795,32621,210,32620,32622,32619],"class_list":["post-51960","post","type-post","status-publish","format-standard","has-post-thumbnail","hentry","category-norte_de_minas","tag-agua-da-chuva-invade-casas-em-bairro-de-montes-claros","tag-celia-jesus-pereira","tag-chuva-em-montes-claros","tag-claudio-augusto","tag-montes-claros","tag-tatiane-rodrigues","tag-wagner-correi","tag-waladan-fernandes"],"_links":{"self":[{"href":"https:\/\/aconteceunovale.com.br\/portal\/index.php?rest_route=\/wp\/v2\/posts\/51960","targetHints":{"allow":["GET"]}}],"collection":[{"href":"https:\/\/aconteceunovale.com.br\/portal\/index.php?rest_route=\/wp\/v2\/posts"}],"about":[{"href":"https:\/\/aconteceunovale.com.br\/portal\/index.php?rest_route=\/wp\/v2\/types\/post"}],"author":[{"embeddable":true,"href":"https:\/\/aconteceunovale.com.br\/portal\/index.php?rest_route=\/wp\/v2\/users\/1"}],"replies":[{"embeddable":true,"href":"https:\/\/aconteceunovale.com.br\/portal\/index.php?rest_route=%2Fwp%2Fv2%2Fcomments&post=51960"}],"version-history":[{"count":0,"href":"https:\/\/aconteceunovale.com.br\/portal\/index.php?rest_route=\/wp\/v2\/posts\/51960\/revisions"}],"wp:featuredmedia":[{"embeddable":true,"href":"https:\/\/aconteceunovale.com.br\/portal\/index.php?rest_route=\/wp\/v2\/media\/51961"}],"wp:attachment":[{"href":"https:\/\/aconteceunovale.com.br\/portal\/index.php?rest_route=%2Fwp%2Fv2%2Fmedia&parent=51960"}],"wp:term":[{"taxonomy":"category","embeddable":true,"href":"https:\/\/aconteceunovale.com.br\/portal\/index.php?rest_route=%2Fwp%2Fv2%2Fcategories&post=51960"},{"taxonomy":"post_tag","embeddable":true,"href":"https:\/\/aconteceunovale.com.br\/portal\/index.php?rest_route=%2Fwp%2Fv2%2Ftags&post=51960"}],"curies":[{"name":"wp","href":"https:\/\/api.w.org\/{rel}","templated":true}]}}