{"id":51948,"date":"2015-02-06T15:54:10","date_gmt":"2015-02-06T18:54:10","guid":{"rendered":"http:\/\/aconteceunovale.com.br\/portal\/?p=51948"},"modified":"2015-02-06T15:57:22","modified_gmt":"2015-02-06T18:57:22","slug":"onibus-que-seguia-da-bahia-para-uberlandia-tomba-na-br-251-no-norte-de-minas","status":"publish","type":"post","link":"https:\/\/aconteceunovale.com.br\/portal\/?p=51948","title":{"rendered":"\u00d4nibus que seguia da Bahia para Uberl\u00e2ndia tomba na BR-251, no Norte de Minas"},"content":{"rendered":"<h4><strong><em>Passageiros tiveram escoria\u00e7\u00f5es e foram atendidos no local. A Pol\u00edcia Rodovi\u00e1ria tamb\u00e9m registrou duas sa\u00eddas de pista na manh\u00e3 desta sexta-feira (6), na BR-251.<\/em><\/strong><\/h4>\n<p>Um \u00f4nibus com 31 passageiros tombou na manh\u00e3 desta sexta-feira, 6 de fevereiro, na BR-251, pr\u00f3ximo a Montes Claros, no Norte de Minas Gerais. Ningu\u00e9m ficou ferido.<\/p>\n<p><img decoding=\"async\" src=\"http:\/\/aconteceunovale.com.br\/portal\/wp-content\/uploads\/2015\/02\/acidentes_251_6_2_1.jpg\" alt=\"\" \/><em>\u00d4nibus com 31 passageiros tombou na BR-251 &#8211; Foto: Mauro Miranda Ferreira \/ Record Minas<\/em><br \/>\n<\/br><\/p>\n<p>O ve\u00edculo saiu de Andorinha (BA) na manh\u00e3 de quinta-feira (5) com destino a Uberl\u00e2ndia (MG). O motorista perdeu o controle da dire\u00e7\u00e3o, invadiu a contram\u00e3o e tombou. \u201cChovia no momento e por causa da pista molhada o \u00f4nibus deslizou, gra\u00e7as a Deus foi apenas um susto\u201d, relatou o condutor, Cristiano Luiz.<\/p>\n<p>O outro motorista do \u00f4nibus, Paulo Roberto Souza, que descansava na hora do acidente disse que foi tudo muito r\u00e1pido. \u201cO acidente aconteceu em quest\u00e3o de segundos, ainda bem que o meu colega estava devagar, se n\u00e3o a trag\u00e9dia seria maior\u201d, diz.<\/p>\n<p>De acordo com o Tenente do Corpo de Bombeiros, Luiz Fernando Alves, todos os passageiros estavam com cinto de seguran\u00e7a e sofreram apenas escoria\u00e7\u00f5es leves. \u201cPor causa do cinto e das condi\u00e7\u00f5es do \u00f4nibus n\u00e3o aconteceu nada mais grave\u201d, enfatizou.<\/p>\n<p>Os passageiros foram atendidos no local do acidente e devem seguir viagem em outro ve\u00edculo.<\/p>\n<p><img decoding=\"async\" src=\"http:\/\/aconteceunovale.com.br\/portal\/wp-content\/uploads\/2015\/02\/acidentes_251_6_2_2.jpg\" alt=\"\" \/><em>\u00d4nibus com 31 passageiros tombou na BR-251 &#8211; Foto: Mauro Miranda Ferreira \/ Record Minas<\/em><br \/>\n<\/br><\/p>\n<h4>Sa\u00edda de pista<\/h4>\n<p>A Pol\u00edcia Rodovi\u00e1ria Federal registrou duas sa\u00eddas de pista na BR-251 na manh\u00e3 desta quinta-feira (6). Ningu\u00e9m se feriu.<\/p>\n<p>O motorista Jos\u00e9 Deraldo vinha de Rubelita (MG) em uma caminhonete, quando perdeu o controle em uma curva e foi parar em cima de um barranco. \u201cEu estava ultrapassando um caminh\u00e3o, quando o carro deslizou sozinho\u201d, diz.<\/p>\n<p>A PRF pede aten\u00e7\u00e3o redobrada aos condutores que v\u00e3o passar pela BR-251, em dias de chuva. \u201c\u00c9 necess\u00e1rio ter mais prud\u00eancia em rela\u00e7\u00e3o \u00e0 velocidade e evitar ultrapassagens indevidas\u201d, ressaltou o inspetor R\u00f4mulo Souza.<\/p>\n<p><img decoding=\"async\" src=\"http:\/\/aconteceunovale.com.br\/portal\/wp-content\/uploads\/2015\/02\/acidentes_251_6_2_3.jpg\" alt=\"\" \/><em>Carro saiu da pista na BR-251, pr\u00f3ximo a Montes Claros &#8211; Foto: Mauro Miranda Ferreira \/ Record Minas<\/em><br \/>\n<\/br><\/p>\n<p><img decoding=\"async\" src=\"http:\/\/aconteceunovale.com.br\/portal\/wp-content\/uploads\/2015\/02\/acidentes_251_6_2_4.jpg\" alt=\"\" \/><em>\u00d4nibus saiu da pista na BR-251, pr\u00f3ximo a Montes Claros &#8211; Foto: Mauro Miranda Ferreira \/ Record Minas<\/em><br \/>\n<\/br><\/p>\n<h4>Outras fotos dos acidentes<\/h4>\n<p><em>(Cr\u00e9ditos: Mauro Miranda Ferreira \/ Record Minas)<\/em><\/p>\n<p><img decoding=\"async\" src=\"http:\/\/aconteceunovale.com.br\/portal\/wp-content\/uploads\/2015\/02\/acidentes_251_6_2_5.jpg\" alt=\"\" \/><img decoding=\"async\" src=\"http:\/\/aconteceunovale.com.br\/portal\/wp-content\/uploads\/2015\/02\/acidentes_251_6_2_6.jpg\" alt=\"\" \/><img decoding=\"async\" src=\"http:\/\/aconteceunovale.com.br\/portal\/wp-content\/uploads\/2015\/02\/acidentes_251_6_2_7.jpg\" alt=\"\" \/><img decoding=\"async\" src=\"http:\/\/aconteceunovale.com.br\/portal\/wp-content\/uploads\/2015\/02\/acidentes_251_6_2_8.jpg\" alt=\"\" \/><img decoding=\"async\" src=\"http:\/\/aconteceunovale.com.br\/portal\/wp-content\/uploads\/2015\/02\/acidentes_251_6_2_9.jpg\" alt=\"\" \/><img decoding=\"async\" src=\"http:\/\/aconteceunovale.com.br\/portal\/wp-content\/uploads\/2015\/02\/acidentes_251_6_2_10.jpg\" alt=\"\" \/><img decoding=\"async\" src=\"http:\/\/aconteceunovale.com.br\/portal\/wp-content\/uploads\/2015\/02\/acidentes_251_6_2_11.jpg\" alt=\"\" \/><br \/>\n<\/br><\/p>\n<p><strong><em>(Fonte: Inter TV Grande Minas)<\/em><\/strong><\/p>\n","protected":false},"excerpt":{"rendered":"<p>Passageiros tiveram escoria\u00e7\u00f5es e foram atendidos no local. A Pol\u00edcia Rodovi\u00e1ria tamb\u00e9m registrou duas sa\u00eddas de pista na manh\u00e3 desta sexta-feira (6), na BR-251. Um \u00f4nibus com 31 passageiros tombou na manh\u00e3 desta sexta-feira, 6 de fevereiro, na BR-251, pr\u00f3ximo a Montes Claros, no Norte de Minas Gerais. Ningu\u00e9m ficou ferido. \u00d4nibus com 31 passageiros [&hellip;]<\/p>\n","protected":false},"author":1,"featured_media":51949,"comment_status":"open","ping_status":"closed","sticky":false,"template":"","format":"standard","meta":{"amp_status":"","footnotes":""},"categories":[1236],"tags":[32611,32612,13794,32614,32613,210,32616,32615,32610,852,221],"class_list":["post-51948","post","type-post","status-publish","format-standard","has-post-thumbnail","hentry","category-norte_de_minas","tag-acidente-com-onibus-de-andorinha","tag-acidente-com-onibus-de-andorinha-que-seguia-para-uberlaandia","tag-andorinha","tag-jose-deraldo","tag-luiz-fernando-alves","tag-montes-claros","tag-onibus-que-seguia-da-bahia-para-uberlandia-tomba-na-br-251","tag-onibus-que-seguia-de-andorinha-para-uberlandia-tomba-na-br-251-no-norte-de-minas","tag-paulo-roberto-souza","tag-rubelita","tag-uberlandia"],"_links":{"self":[{"href":"https:\/\/aconteceunovale.com.br\/portal\/index.php?rest_route=\/wp\/v2\/posts\/51948","targetHints":{"allow":["GET"]}}],"collection":[{"href":"https:\/\/aconteceunovale.com.br\/portal\/index.php?rest_route=\/wp\/v2\/posts"}],"about":[{"href":"https:\/\/aconteceunovale.com.br\/portal\/index.php?rest_route=\/wp\/v2\/types\/post"}],"author":[{"embeddable":true,"href":"https:\/\/aconteceunovale.com.br\/portal\/index.php?rest_route=\/wp\/v2\/users\/1"}],"replies":[{"embeddable":true,"href":"https:\/\/aconteceunovale.com.br\/portal\/index.php?rest_route=%2Fwp%2Fv2%2Fcomments&post=51948"}],"version-history":[{"count":0,"href":"https:\/\/aconteceunovale.com.br\/portal\/index.php?rest_route=\/wp\/v2\/posts\/51948\/revisions"}],"wp:featuredmedia":[{"embeddable":true,"href":"https:\/\/aconteceunovale.com.br\/portal\/index.php?rest_route=\/wp\/v2\/media\/51949"}],"wp:attachment":[{"href":"https:\/\/aconteceunovale.com.br\/portal\/index.php?rest_route=%2Fwp%2Fv2%2Fmedia&parent=51948"}],"wp:term":[{"taxonomy":"category","embeddable":true,"href":"https:\/\/aconteceunovale.com.br\/portal\/index.php?rest_route=%2Fwp%2Fv2%2Fcategories&post=51948"},{"taxonomy":"post_tag","embeddable":true,"href":"https:\/\/aconteceunovale.com.br\/portal\/index.php?rest_route=%2Fwp%2Fv2%2Ftags&post=51948"}],"curies":[{"name":"wp","href":"https:\/\/api.w.org\/{rel}","templated":true}]}}