{"id":51942,"date":"2015-02-06T15:27:18","date_gmt":"2015-02-06T18:27:18","guid":{"rendered":"http:\/\/aconteceunovale.com.br\/portal\/?p=51942"},"modified":"2015-02-06T19:19:05","modified_gmt":"2015-02-06T22:19:05","slug":"cinco-pessoas-morrem-em-dois-acidentes-na-mg-496-em-corinto","status":"publish","type":"post","link":"https:\/\/aconteceunovale.com.br\/portal\/?p=51942","title":{"rendered":"Cinco pessoas morrem em dois acidentes na MG-496 em Corinto"},"content":{"rendered":"<h4><strong><em>Na manh\u00e3 desta sexta-feira, uma batida entre carro e micro-\u00f4nibus deixou quatro mortos. Na tarde de ontem, o motorista de um carro morreu ap\u00f3s bater em um caminh\u00e3o.<\/em><\/strong><\/h4>\n<p>Cinco pessoas morreram em dois graves acidentes na MG-496, no munic\u00edpio de Corinto, na regi\u00e3o Central de Minas. Na manh\u00e3 desta sexta-feira, 6 de fevereiro, uma batida envolvendo tr\u00eas ve\u00edculos, a cinco quil\u00f4metros da cidade, deixou quatro mortos, entre eles uma crian\u00e7a de seis anos. Na tarde de ontem, a batida entre um carro e um caminh\u00e3o deixou um morto.<\/p>\n<p><img decoding=\"async\" src=\"http:\/\/aconteceunovale.com.br\/portal\/wp-content\/uploads\/2015\/02\/acidente_corinto_6_2_1.jpg\" alt=\"\" \/><em>Tr\u00eas ocupantes do carro morreram no local do acidente (Foto: Divulga\u00e7\u00e3o \/ Pol\u00edcia Militar)<\/em><br \/>\n<\/br><\/p>\n<p>De acordo com a Pol\u00edcia Militar, no acidente de hoje, um motorista seguia em um carro com a esposa e duas filhas, de 6 e 11 anos, quando aquaplanou na pista e acabou batendo de frente com um micro-\u00f4nibus, que transportava estudantes do distrito de Contria para Corinto. O casal e a filha mais nova morreram no local. Dos 11 passageiros que estavam no ve\u00edculo coletivo, uma adolescente de 11 anos morreu e outras cinco pessoas tiveram ferimentos mais graves.<\/p>\n<p>As demais tiveram escoria\u00e7\u00f5es leves. As v\u00edtimas, entre elas a filha mais velha do casal, foram socorridas por ambul\u00e2ncias da Prefeitura. Ainda de acordo com a PM, h\u00e1 suspeita de que o motorista do carro estava em alta velocidade, j\u00e1 que o veloc\u00edmetro parou em 150 quil\u00f4metros\/hora, e o motor foi arremessado a mais de 15 metros do ve\u00edculo.<\/p>\n<p>Ap\u00f3s a batida, uma van, que levava trabalhadores de uma empresa de reflorestamento, n\u00e3o conseguiu frear e bateu na traseira do micro-\u00f4nibus. Nenhuma das sete pessoas, que estavam no ve\u00edculo, teve ferimentos.<\/p>\n<p><img decoding=\"async\" src=\"http:\/\/aconteceunovale.com.br\/portal\/wp-content\/uploads\/2015\/02\/acidente_corinto_6_2_2.jpg\" alt=\"\" \/><em>Tr\u00eas ocupantes do carro morreram no local do acidente (Foto: Divulga\u00e7\u00e3o \/ Pol\u00edcia Militar)<\/em><br \/>\n<\/br><\/p>\n<h4>Outro acidente na MG-496<\/h4>\n<p>O motorista de um carro morreu em outro acidente na tarde dessa quinta-feira (5), na MG-496. De acordo com informa\u00e7\u00f5es, por volta das 16 horas, um Fiat Doblo, placa OXJ-5385 de Montes Claros, e um caminh\u00e3o placa KFE-1321 de Cora\u00e7\u00e3o de Jesus, colidiram no KM 130. Com o impacto da batida, o motorista do carro, Wanilson Pereira dos Santos, de 45 anos, ficou preso \u00e0s ferragens e morreu no local.<\/p>\n","protected":false},"excerpt":{"rendered":"<p>Na manh\u00e3 desta sexta-feira, uma batida entre carro e micro-\u00f4nibus deixou quatro mortos. Na tarde de ontem, o motorista de um carro morreu ap\u00f3s bater em um caminh\u00e3o. Cinco pessoas morreram em dois graves acidentes na MG-496, no munic\u00edpio de Corinto, na regi\u00e3o Central de Minas. Na manh\u00e3 desta sexta-feira, 6 de fevereiro, uma batida [&hellip;]<\/p>\n","protected":false},"author":1,"featured_media":51943,"comment_status":"open","ping_status":"closed","sticky":false,"template":"","format":"standard","meta":{"amp_status":"","footnotes":""},"categories":[123],"tags":[32634,32633,32626,32603,32605,32604,32606,32609,32607,1801,1534,1538,32632,210,32608,32631,32625],"class_list":["post-51942","post","type-post","status-publish","format-standard","has-post-thumbnail","hentry","category-gerais","tag-acidente-com-carro-de-belo-horizonte-em-corinto","tag-acidente-com-spacefox-de-belo-horizonte-em-corinto","tag-acidente-mata-tres-pessoas-da-mesma-familia-em-corinto","tag-acidente-na-mg-496","tag-acidente-no-trevo-de-contria","tag-acidente-perto-de-corinto","tag-acidentes-em-corinto","tag-cinco-pessoas-morrem-em-dois-acidentes-na-mg-496-em-corinto","tag-cinco-pessoas-morrem-em-dois-acidentes-na-mg-496-proximo-a-corinto","tag-coracao-de-jesus","tag-corinto","tag-joao-pinheiro","tag-jose-marcio-floriano-dos-santos","tag-montes-claros","tag-quatro-pessoas-morrem-em-acidente-envolvendo-tres-veiculos-em-corinto","tag-vanderli-de-jesus-soares","tag-wanilson-pereira-dos-santos"],"_links":{"self":[{"href":"https:\/\/aconteceunovale.com.br\/portal\/index.php?rest_route=\/wp\/v2\/posts\/51942","targetHints":{"allow":["GET"]}}],"collection":[{"href":"https:\/\/aconteceunovale.com.br\/portal\/index.php?rest_route=\/wp\/v2\/posts"}],"about":[{"href":"https:\/\/aconteceunovale.com.br\/portal\/index.php?rest_route=\/wp\/v2\/types\/post"}],"author":[{"embeddable":true,"href":"https:\/\/aconteceunovale.com.br\/portal\/index.php?rest_route=\/wp\/v2\/users\/1"}],"replies":[{"embeddable":true,"href":"https:\/\/aconteceunovale.com.br\/portal\/index.php?rest_route=%2Fwp%2Fv2%2Fcomments&post=51942"}],"version-history":[{"count":0,"href":"https:\/\/aconteceunovale.com.br\/portal\/index.php?rest_route=\/wp\/v2\/posts\/51942\/revisions"}],"wp:featuredmedia":[{"embeddable":true,"href":"https:\/\/aconteceunovale.com.br\/portal\/index.php?rest_route=\/wp\/v2\/media\/51943"}],"wp:attachment":[{"href":"https:\/\/aconteceunovale.com.br\/portal\/index.php?rest_route=%2Fwp%2Fv2%2Fmedia&parent=51942"}],"wp:term":[{"taxonomy":"category","embeddable":true,"href":"https:\/\/aconteceunovale.com.br\/portal\/index.php?rest_route=%2Fwp%2Fv2%2Fcategories&post=51942"},{"taxonomy":"post_tag","embeddable":true,"href":"https:\/\/aconteceunovale.com.br\/portal\/index.php?rest_route=%2Fwp%2Fv2%2Ftags&post=51942"}],"curies":[{"name":"wp","href":"https:\/\/api.w.org\/{rel}","templated":true}]}}