{"id":51931,"date":"2015-02-06T14:18:40","date_gmt":"2015-02-06T17:18:40","guid":{"rendered":"http:\/\/aconteceunovale.com.br\/portal\/?p=51931"},"modified":"2015-02-06T14:18:40","modified_gmt":"2015-02-06T17:18:40","slug":"medidas-contra-a-dengue-e-chikungunya-devem-ser-reforcadas-durante-periodo-de-chuvas","status":"publish","type":"post","link":"https:\/\/aconteceunovale.com.br\/portal\/?p=51931","title":{"rendered":"Medidas contra a Dengue e Chikungunya devem ser refor\u00e7adas durante per\u00edodo de chuvas"},"content":{"rendered":"<h4><strong><em>A temperatura mais elevada e a chegada das chuvas s\u00e3o fatores que podem favorecer a prolifera\u00e7\u00e3o do vetor de transmiss\u00e3o das doen\u00e7as.<\/em><\/strong><\/h4>\n<p>Embora as chuvas neste ano ainda estejam em menor intensidade que nos anos anteriores, a popula\u00e7\u00e3o deve ficar alerta quanto \u00e0 prolifera\u00e7\u00e3o do mosquito transmissor da dengue e da febre Chikungunya, pois h\u00e1 uma eleva\u00e7\u00e3o dos focos de \u00e1gua parada.<\/p>\n<p>De acordo com a coordenadora estadual do Programa de Combate \u00e0 Dengue da Secretaria de Estado de Sa\u00fade de Minas Gerais, Geane Andrade, o per\u00edodo de ver\u00e3o \u00e9 uma \u00e9poca de muita vigil\u00e2ncia.  \u201cEstamos entrando no per\u00edodo cr\u00edtico no que se refere \u00e0 transmiss\u00e3o de dengue. A temperatura mais elevada e a chegada das chuvas s\u00e3o fatores que podem favorecer a prolifera\u00e7\u00e3o do vetor de transmiss\u00e3o da dengue e da febre Chikungunya, por isso \u00e9 muito importante que a popula\u00e7\u00e3o fique atenta\u201d.<\/p>\n<p>Geane ainda esclarece que \u00e9 fundamental que cada pessoa fa\u00e7a sua parte, pois em mais de 80% dos casos, o foco do mosquito est\u00e1 dentro das resid\u00eancias. \u201cFa\u00e7a a checagem toda semana e n\u00e3o deixe que o mosquito se multiplique. Ele leva de sete a dez dias para passar do ovo \u00e0 fase adulta. Por isso, o ideal \u00e9 que cada um fa\u00e7a sua parte para combater essas doen\u00e7as\u201d, explica.<\/p>\n<p><img decoding=\"async\" src=\"http:\/\/aconteceunovale.com.br\/portal\/wp-content\/uploads\/2015\/02\/combate_dengue_mg.jpg\" alt=\"\" \/><br \/>\n<\/br><\/p>\n<p>A dengue \u00e9 uma doen\u00e7a infecciosa febril transmitida por um mosquito, o Aedes aegypti, e dura em torno de dez dias. Os sintomas s\u00e3o: febre, dor de cabe\u00e7a, dores no corpo, nas articula\u00e7\u00f5es e por tr\u00e1s dos olhos, podendo afetar crian\u00e7as e adultos.<\/p>\n<p>J\u00e1 a febre Chikungunya \u00e9 uma doen\u00e7a causada por um v\u00edrus do g\u00eanero Alphavirus transmitida por insetos do g\u00eanero Aedes. O Aedes aegypti (o mesmo transmissor da dengue) e o Aedes albopictus s\u00e3o os principais vetores.  A infec\u00e7\u00e3o pelo v\u00edrus Chikungunya provoca febre alta, dor de cabe\u00e7a, dores nas articula\u00e7\u00f5es e dores musculares. O per\u00edodo m\u00e9dio de incuba\u00e7\u00e3o da doen\u00e7a \u00e9 de tr\u00eas a sete dias (podendo variar de um a doze dias). N\u00e3o existe tratamento espec\u00edfico, nem vacina dispon\u00edvel para prevenir a infec\u00e7\u00e3o por esse v\u00edrus.<\/p>\n<h4>For\u00e7a tarefa promove a\u00e7\u00f5es de combate \u00e0 dengue em 4 cidades<\/h4>\n<p>A Secretaria de Estado de Sa\u00fade (SES\/MG) realizar\u00e1 de 4 a 13 de fevereiro, nos munic\u00edpios de Arapor\u00e3, Fronteira, S\u00e3o Francisco de Sales e S\u00e3o Gon\u00e7alo do Par\u00e1 a For\u00e7a Tarefa de Combate \u00e0 dengue. A a\u00e7\u00e3o faz parte do Programa Estadual de Controle Permanente da Dengue, que oferece um servi\u00e7o complementar de preven\u00e7\u00e3o aos munic\u00edpios em situa\u00e7\u00e3o cr\u00edtica devido aos altos \u00edndices de casos registrados. O objetivo da a\u00e7\u00e3o \u00e9 minimizar o n\u00famero de incid\u00eancia da doen\u00e7a ao disponibilizar agentes que atuar\u00e3o em \u00e1reas de risco como casas, lojas comerciais, lotes baldios entre outros, com o intuito de eliminar os poss\u00edveis criadouros do Aedes aegypti.<\/p>\n<p>Ainda como parte do esfor\u00e7o empreendido pela SES, de 9 a 11 de fevereiro, uma equipe de mobilizadores ser\u00e1 enviada aos munic\u00edpios para potencializar o trabalho de conscientiza\u00e7\u00e3o junto \u00e0 popula\u00e7\u00e3o sobre a necessidade de se adotar h\u00e1bitos preventivos e cotidianos contra a prolifera\u00e7\u00e3o do mosquito vetor da dengue. Palestras, rodas de conversas e distribui\u00e7\u00e3o de material informativo ser\u00e3o promovidas com o objetivo de envolver o cidad\u00e3o com correspons\u00e1vel pela sa\u00fade individual e coletiva.<\/p>\n<p><strong>Dicas para evitar a prolifera\u00e7\u00e3o do mosquito:<\/strong><\/p>\n<p>&#8211; Cuidado especial no armazenamento e destina\u00e7\u00e3o do lixo, mantendo-o em recipiente fechado e disponibilizando-o para recolhimento pela Limpeza Urbana na freq\u00fc\u00eancia usual;<\/p>\n<p>&#8211; Jamais descarte o lixo ou qualquer outro material que possa acumular \u00e1gua no quintal de casa, no quintal de vizinhos, na rua ou em lotes vagos;<\/p>\n<p>&#8211; Mantenha a caixa d\u2019\u00e1gua sempre limpa e totalmente tampada;<\/p>\n<p>Mantenha as calhas livres de entupimentos para evitar represamento de \u00e1gua;<\/p>\n<p>&#8211; Elimine os pratinhos de vasos de plantas; caso n\u00e3o seja poss\u00edvel, mantenha-os limpos e escovados pelo menos tr\u00eas vezes ao dia;<\/p>\n<p>&#8211; Mantenha limpos e escovados os bebedouros de animais dom\u00e9sticos; a \u00e1gua deve ser trocada diariamente;<\/p>\n<p>&#8211; Mantenha piscinas sempre em uso e devidamente tratadas;<\/p>\n<p>&#8211; Aten\u00e7\u00e3o especial ao sair de f\u00e9rias para que esses cuidados estejam garantidos na aus\u00eancia do morador;<\/p>\n<p>&#8211; Caso perceba a manifesta\u00e7\u00e3o de qualquer sintoma de dengue ou febre Chikungunya, procure imediatamente o centro de sa\u00fade mais pr\u00f3ximo.<\/p>\n<p><strong><em>(Ag\u00eancia Minas)<\/em><\/strong><\/p>\n","protected":false},"excerpt":{"rendered":"<p>A temperatura mais elevada e a chegada das chuvas s\u00e3o fatores que podem favorecer a prolifera\u00e7\u00e3o do vetor de transmiss\u00e3o das doen\u00e7as. Embora as chuvas neste ano ainda estejam em menor intensidade que nos anos anteriores, a popula\u00e7\u00e3o deve ficar alerta quanto \u00e0 prolifera\u00e7\u00e3o do mosquito transmissor da dengue e da febre Chikungunya, pois h\u00e1 [&hellip;]<\/p>\n","protected":false},"author":1,"featured_media":51932,"comment_status":"open","ping_status":"closed","sticky":false,"template":"","format":"standard","meta":{"amp_status":"","footnotes":""},"categories":[123],"tags":[32594,1863,32595,1344,11059,32593],"class_list":["post-51931","post","type-post","status-publish","format-standard","has-post-thumbnail","hentry","category-gerais","tag-combate-a-dengue","tag-combate-a-dengue-em-minas","tag-combate-a-frebre-chikungunya","tag-dengue","tag-febre-chikungunya","tag-medidas-contra-a-dengue-e-chikungunya-devem-ser-reforcadas-durante-periodo-de-chuvas"],"_links":{"self":[{"href":"https:\/\/aconteceunovale.com.br\/portal\/index.php?rest_route=\/wp\/v2\/posts\/51931","targetHints":{"allow":["GET"]}}],"collection":[{"href":"https:\/\/aconteceunovale.com.br\/portal\/index.php?rest_route=\/wp\/v2\/posts"}],"about":[{"href":"https:\/\/aconteceunovale.com.br\/portal\/index.php?rest_route=\/wp\/v2\/types\/post"}],"author":[{"embeddable":true,"href":"https:\/\/aconteceunovale.com.br\/portal\/index.php?rest_route=\/wp\/v2\/users\/1"}],"replies":[{"embeddable":true,"href":"https:\/\/aconteceunovale.com.br\/portal\/index.php?rest_route=%2Fwp%2Fv2%2Fcomments&post=51931"}],"version-history":[{"count":0,"href":"https:\/\/aconteceunovale.com.br\/portal\/index.php?rest_route=\/wp\/v2\/posts\/51931\/revisions"}],"wp:featuredmedia":[{"embeddable":true,"href":"https:\/\/aconteceunovale.com.br\/portal\/index.php?rest_route=\/wp\/v2\/media\/51932"}],"wp:attachment":[{"href":"https:\/\/aconteceunovale.com.br\/portal\/index.php?rest_route=%2Fwp%2Fv2%2Fmedia&parent=51931"}],"wp:term":[{"taxonomy":"category","embeddable":true,"href":"https:\/\/aconteceunovale.com.br\/portal\/index.php?rest_route=%2Fwp%2Fv2%2Fcategories&post=51931"},{"taxonomy":"post_tag","embeddable":true,"href":"https:\/\/aconteceunovale.com.br\/portal\/index.php?rest_route=%2Fwp%2Fv2%2Ftags&post=51931"}],"curies":[{"name":"wp","href":"https:\/\/api.w.org\/{rel}","templated":true}]}}