{"id":51919,"date":"2015-02-06T12:53:59","date_gmt":"2015-02-06T15:53:59","guid":{"rendered":"http:\/\/aconteceunovale.com.br\/portal\/?p=51919"},"modified":"2015-02-06T12:53:59","modified_gmt":"2015-02-06T15:53:59","slug":"capelinha-comemora-102-anos-de-emancipacao-com-festa-no-parque-de-exposicoes","status":"publish","type":"post","link":"https:\/\/aconteceunovale.com.br\/portal\/?p=51919","title":{"rendered":"Capelinha comemora 102 anos de emancipa\u00e7\u00e3o com festa no Parque de Exposi\u00e7\u00f5es"},"content":{"rendered":"<h4><strong><em>Marcelinho de Lima, Daniel Campos e Banda Akasus ser\u00e3o as atra\u00e7\u00f5es do evento.<\/em><\/strong><\/h4>\n<p>Em comemora\u00e7\u00e3o aos 102 anos de Emancipa\u00e7\u00e3o Pol\u00edtica de Capelinha, que ser\u00e1 festejado no dia 24 de Fevereiro, a Prefeitura Municipal, atrav\u00e9s da Secretaria de Cultura, realizar\u00e1 os festejos nos dias 22 e 23 de Fevereiro. <\/p>\n<p>O Evento acontecer\u00e1 no Parque de Exposi\u00e7\u00f5es da cidade e ter\u00e1 shows com Daniel Campos no domingo, dia 22, e Marcelinho de Lima e Banda Akasus no dia 23, segunda-feira. A Festa ter\u00e1 port\u00f5es abertos para toda a popula\u00e7\u00e3o. <\/p>\n<p><img decoding=\"async\" src=\"http:\/\/aconteceunovale.com.br\/portal\/wp-content\/uploads\/2015\/02\/niver_de_capelinha.jpg\" alt=\"\" \/><em>Marcelinho de Lima se apresenta na cidade no dia 23, segunda-feira &#8211; Foto: Divulga\u00e7\u00e3o<\/em><\/p>\n","protected":false},"excerpt":{"rendered":"<p>Marcelinho de Lima, Daniel Campos e Banda Akasus ser\u00e3o as atra\u00e7\u00f5es do evento. Em comemora\u00e7\u00e3o aos 102 anos de Emancipa\u00e7\u00e3o Pol\u00edtica de Capelinha, que ser\u00e1 festejado no dia 24 de Fevereiro, a Prefeitura Municipal, atrav\u00e9s da Secretaria de Cultura, realizar\u00e1 os festejos nos dias 22 e 23 de Fevereiro. O Evento acontecer\u00e1 no Parque de [&hellip;]<\/p>\n","protected":false},"author":1,"featured_media":51921,"comment_status":"open","ping_status":"closed","sticky":false,"template":"","format":"standard","meta":{"amp_status":"","footnotes":""},"categories":[125],"tags":[32583,32584,32582,132,32581],"class_list":["post-51919","post","type-post","status-publish","format-standard","has-post-thumbnail","hentry","category-noticias","tag-102-anos-de-capelinha","tag-aniversario-de-102-anos-de-capelinha","tag-aniversario-de-capelinha","tag-capelinha","tag-capelinha-comemora-102-anos-de-emancipacao-com-festa-no-parque-de-exposicoes"],"_links":{"self":[{"href":"https:\/\/aconteceunovale.com.br\/portal\/index.php?rest_route=\/wp\/v2\/posts\/51919","targetHints":{"allow":["GET"]}}],"collection":[{"href":"https:\/\/aconteceunovale.com.br\/portal\/index.php?rest_route=\/wp\/v2\/posts"}],"about":[{"href":"https:\/\/aconteceunovale.com.br\/portal\/index.php?rest_route=\/wp\/v2\/types\/post"}],"author":[{"embeddable":true,"href":"https:\/\/aconteceunovale.com.br\/portal\/index.php?rest_route=\/wp\/v2\/users\/1"}],"replies":[{"embeddable":true,"href":"https:\/\/aconteceunovale.com.br\/portal\/index.php?rest_route=%2Fwp%2Fv2%2Fcomments&post=51919"}],"version-history":[{"count":0,"href":"https:\/\/aconteceunovale.com.br\/portal\/index.php?rest_route=\/wp\/v2\/posts\/51919\/revisions"}],"wp:featuredmedia":[{"embeddable":true,"href":"https:\/\/aconteceunovale.com.br\/portal\/index.php?rest_route=\/wp\/v2\/media\/51921"}],"wp:attachment":[{"href":"https:\/\/aconteceunovale.com.br\/portal\/index.php?rest_route=%2Fwp%2Fv2%2Fmedia&parent=51919"}],"wp:term":[{"taxonomy":"category","embeddable":true,"href":"https:\/\/aconteceunovale.com.br\/portal\/index.php?rest_route=%2Fwp%2Fv2%2Fcategories&post=51919"},{"taxonomy":"post_tag","embeddable":true,"href":"https:\/\/aconteceunovale.com.br\/portal\/index.php?rest_route=%2Fwp%2Fv2%2Ftags&post=51919"}],"curies":[{"name":"wp","href":"https:\/\/api.w.org\/{rel}","templated":true}]}}