{"id":51907,"date":"2015-02-06T10:09:22","date_gmt":"2015-02-06T13:09:22","guid":{"rendered":"http:\/\/aconteceunovale.com.br\/portal\/?p=51907"},"modified":"2015-02-06T10:09:22","modified_gmt":"2015-02-06T13:09:22","slug":"edital-financia-projetos-para-a-bacia-do-rio-pandeiros-no-norte-de-minas","status":"publish","type":"post","link":"https:\/\/aconteceunovale.com.br\/portal\/?p=51907","title":{"rendered":"Edital financia projetos para a Bacia do Rio Pandeiros, no Norte de Minas"},"content":{"rendered":"<h4><strong><em>O prazo de produ\u00e7\u00e3o estipulado \u00e9 de 24 meses e o recurso financeiro \u00e9 de R$ 1,4 milh\u00e3o<\/em><\/strong><\/h4>\n<p>Um das \u00e1reas de maior relev\u00e2ncia ambiental de Minas Gerais conta com um grande refor\u00e7o para sua preserva\u00e7\u00e3o. A\u00a0<a href=\"http:\/\/www.fapemig.br\/\" target=\"_blank\">Funda\u00e7\u00e3o de Amparo \u00e0 Pesquisa do Estado de Minas Gerais (Fapemig)\u00a0<\/a>publicou o edital 04\/2015 \u2013 \u201cSustentabilidade da Bacia do Rio Pandeiros\u201d com o objetivo de financiar projetos de a\u00e7\u00e3o e pesquisa cient\u00edfica, tecnol\u00f3gica e de inova\u00e7\u00e3o que contribuam com a preserva\u00e7\u00e3o, conserva\u00e7\u00e3o e recupera\u00e7\u00e3o do meio ambiente da Bacia Hidrogr\u00e1fica do rio. O edital conta com duas linhas tem\u00e1ticas: \u201cMeio Ambiente, Sustentabilidade e Biodiversidade\u201d, e \u201cProjetos Socioambientais e de inclus\u00e3o socioprodutivas\u201d. O prazo de produ\u00e7\u00e3o estipulado \u00e9 de 24 meses e o recurso financeiro \u00e9 de R$ 1,4 milh\u00e3o.<\/p>\n<p><img decoding=\"async\" src=\"http:\/\/aconteceunovale.com.br\/portal\/wp-content\/uploads\/2015\/02\/edital-financia-projetos-para-a-bacia-do-rio-pandeiros.jpg\" alt=\"\" \/><em>P\u00e2ntano do rio Pandeiros \u00e9 local de reprodu\u00e7\u00e3o de peixes que comp\u00f5em a fauna aqu\u00e1tica do rio S\u00e3o Francisco &#8211; Foto: Reprodu\u00e7\u00e3o Ag\u00eancia Minas \/ Evandro Rodney<\/em><br \/>\n<\/br><\/p>\n<p>De acordo com o edital, ser\u00e3o consideradas propostas priorit\u00e1rias aquelas que gerarem resultados concretos, elucidarem aspectos relevantes ou promoverem a gera\u00e7\u00e3o e amplia\u00e7\u00e3o do conhecimento relacionado \u00e0 conserva\u00e7\u00e3o, preserva\u00e7\u00e3o e recupera\u00e7\u00e3o dos recursos naturais da bacia do Rio Pandeiros e relacionado \u00e0s atividades produtivas de base conservacionista, geradoras de trabalho e renda, correlacionadas aos m\u00e9todos de produ\u00e7\u00e3o de base agroecol\u00f3gica e agroextrativistas, levando-se em conta aspectos culturais da popula\u00e7\u00e3o local e a aptid\u00e3o natural da regi\u00e3o.\u00a0\u00a0<a href=\"http:\/\/www.fapemig.br\/admin\/editais\/upload\/EDITAL%20PANDEIROS%20-2015%20%20versao%20final.pdf\" target=\"_blank\">Clique aqui para ver o edital completo<\/a>.<\/p>\n<h4><strong>Unidades protegem fauna e flora<\/strong><\/h4>\n<p>O\u00a0<a href=\"http:\/\/www.ief.mg.gov.br\/\" target=\"_blank\">Instituto Estadual de Florestas (IEF)<\/a>\u00a0administra duas unidades conserva\u00e7\u00e3o na regi\u00e3o que ser\u00e3o beneficiadas pelo edital. A \u00c1rea de Prote\u00e7\u00e3o Ambiental (APA) Pandeiros possui uma \u00e1rea de 396.060 hectares e \u00e9 a maior unidade de conserva\u00e7\u00e3o do Estado de Minas Gerais. A unidade abrange os munic\u00edpios de Janu\u00e1ria, Bonito de Minas e C\u00f4nego Marinho. Estes munic\u00edpios localizam-se no extremo Noroeste de Minas Gerais, na Macrorregi\u00e3o Norte de Minas. Criada pela Lei Estadual n\u00ba 11.901 de 1\u00ba setembro de 1995, destina-se principalmente \u00e0 prote\u00e7\u00e3o do Rio Pandeiros, que integra a bacia do rio S\u00e3o Francisco.<\/p>\n<p>A APA est\u00e1 inserida no bioma Cerrado, com ocorr\u00eancia de todas as suas diferentes fitofisionomias. Destas, as veredas representam a mais importante. Diversas esp\u00e9cies, inclusive o homem, dependem das veredas para sua sobreviv\u00eancia. O buriti (Mauritia flexuosa), esp\u00e9cie de palmeira caracter\u00edstica das veredas, \u00e9 fonte de sustento e renda das popula\u00e7\u00f5es locais. A riqueza sociocultural da regi\u00e3o \u00e9 caracterizada pela diversidade de povos, costumes e saberes tradicionais. Comunidades como veredeiros, geraizeiros, chapadeiros, ribeirinhos e quilombolas ocuparam o territ\u00f3rio h\u00e1 s\u00e9culos e usam os recursos naturais do Cerrado de maneira sustent\u00e1vel.<\/p>\n<p>O Ref\u00fagio Estadual da Vida Silvestre do Rio Pandeiros foi criado pelo Decreto n\u00ba 43.910 de 5 de novembro de 2004 e est\u00e1 localizado no interior da \u00c1rea de Prote\u00e7\u00e3o Ambiental Pandeiros, no munic\u00edpio de Janu\u00e1ria. Possui uma \u00e1rea de 6.102,7526 hectares de Cerrado e de Mata Seca, num per\u00edmetro de 79.356,12 m, destinado \u00e0 unidade de conserva\u00e7\u00e3o de Prote\u00e7\u00e3o Integral, conforme definido pelo Sistema Nacional de Unidades de Conserva\u00e7\u00e3o (SNUC). O objetivo da unidade \u00e9 proteger e conservar a fauna aqu\u00e1tica da Bacia Hidrogr\u00e1fica do rio S\u00e3o Francisco, em especial na prote\u00e7\u00e3o do Rio Pandeiros, sua \u00e1rea alag\u00e1vel e lagoas marginais.<\/p>\n<h4><strong>Pantanal Mineiro<\/strong><\/h4>\n<p>A regi\u00e3o tamb\u00e9m \u00e9 conhecida como o \u201cPantanal Mineiro\u201d ou \u201cP\u00e2ntano de Pandeiros\u201d, com extensas \u00e1reas alagadas tidas como um ber\u00e7\u00e1rio natural, respons\u00e1vel pela reprodu\u00e7\u00e3o de aproximadamente 70% dos peixes do Rio S\u00e3o Francisco, al\u00e9m de abrigar no seu emaranhado de belas lagoas uma enorme diversidade de aves, anf\u00edbios, repteis e mam\u00edferos. (Ag\u00eancia Minas)<\/p>\n","protected":false},"excerpt":{"rendered":"<p>O prazo de produ\u00e7\u00e3o estipulado \u00e9 de 24 meses e o recurso financeiro \u00e9 de R$ 1,4 milh\u00e3o Um das \u00e1reas de maior relev\u00e2ncia ambiental de Minas Gerais conta com um grande refor\u00e7o para sua preserva\u00e7\u00e3o. A\u00a0Funda\u00e7\u00e3o de Amparo \u00e0 Pesquisa do Estado de Minas Gerais (Fapemig)\u00a0publicou o edital 04\/2015 \u2013 \u201cSustentabilidade da Bacia do [&hellip;]<\/p>\n","protected":false},"author":1,"featured_media":51908,"comment_status":"open","ping_status":"closed","sticky":false,"template":"","format":"standard","meta":{"amp_status":"","footnotes":""},"categories":[1236],"tags":[32563,1799,3055,32568,1018,32562,32567,205,32569,32566,32565,32564,6330],"class_list":["post-51907","post","type-post","status-publish","format-standard","has-post-thumbnail","hentry","category-norte_de_minas","tag-bacia-do-rio-pandeiros","tag-bonito-de-minas","tag-conego-marinho","tag-conservacao-e-recuperacao-do-meio-ambiente-da-bacia-hidrografica-do-rio-pandeiros","tag-destaque","tag-edital-financia-projetos-para-a-bacia-do-rio-pandeiros","tag-fauna-aquatica-do-rio-sao-francisco","tag-januaria","tag-pantanal-mineiro","tag-pantano-do-rio-pandeiros","tag-pantano-do-rio-pandeiros-e-local-de-reproducao-de-peixes-que-compoem-a-fauna-aquatica-do-rio-sao-francisco","tag-projetos-para-a-bacia-do-rio-pandeiros","tag-rio-sao-francisco"],"_links":{"self":[{"href":"https:\/\/aconteceunovale.com.br\/portal\/index.php?rest_route=\/wp\/v2\/posts\/51907","targetHints":{"allow":["GET"]}}],"collection":[{"href":"https:\/\/aconteceunovale.com.br\/portal\/index.php?rest_route=\/wp\/v2\/posts"}],"about":[{"href":"https:\/\/aconteceunovale.com.br\/portal\/index.php?rest_route=\/wp\/v2\/types\/post"}],"author":[{"embeddable":true,"href":"https:\/\/aconteceunovale.com.br\/portal\/index.php?rest_route=\/wp\/v2\/users\/1"}],"replies":[{"embeddable":true,"href":"https:\/\/aconteceunovale.com.br\/portal\/index.php?rest_route=%2Fwp%2Fv2%2Fcomments&post=51907"}],"version-history":[{"count":0,"href":"https:\/\/aconteceunovale.com.br\/portal\/index.php?rest_route=\/wp\/v2\/posts\/51907\/revisions"}],"wp:featuredmedia":[{"embeddable":true,"href":"https:\/\/aconteceunovale.com.br\/portal\/index.php?rest_route=\/wp\/v2\/media\/51908"}],"wp:attachment":[{"href":"https:\/\/aconteceunovale.com.br\/portal\/index.php?rest_route=%2Fwp%2Fv2%2Fmedia&parent=51907"}],"wp:term":[{"taxonomy":"category","embeddable":true,"href":"https:\/\/aconteceunovale.com.br\/portal\/index.php?rest_route=%2Fwp%2Fv2%2Fcategories&post=51907"},{"taxonomy":"post_tag","embeddable":true,"href":"https:\/\/aconteceunovale.com.br\/portal\/index.php?rest_route=%2Fwp%2Fv2%2Ftags&post=51907"}],"curies":[{"name":"wp","href":"https:\/\/api.w.org\/{rel}","templated":true}]}}