{"id":51905,"date":"2015-02-06T10:02:24","date_gmt":"2015-02-06T13:02:24","guid":{"rendered":"http:\/\/aconteceunovale.com.br\/portal\/?p=51905"},"modified":"2015-02-06T10:02:24","modified_gmt":"2015-02-06T13:02:24","slug":"previsao-do-tempo-para-minas-gerais-nesta-sexta-feira-6-de-fevereiro","status":"publish","type":"post","link":"https:\/\/aconteceunovale.com.br\/portal\/?p=51905","title":{"rendered":"Previs\u00e3o do tempo para Minas Gerais nesta sexta-feira, 6 de fevereiro"},"content":{"rendered":"<h4><em><strong>Chuva e temperatura mais amena em todas as regi\u00f5es do Estado de Minas Gerais<\/strong><\/em><\/h4>\n<p>Nesta sexta-feira (6\/2), o tempo permanece inst\u00e1vel sobre boa parte do Sudeste do pa\u00eds (Minas Gerais, Rio de Janeiro e Esp\u00edrito Santo), devido \u00e0 presen\u00e7a de uma \u00e1rea de depress\u00e3o subtropical que atua sobre o oceano, na altura do litoral fluminense, al\u00e9m do canal de umidade que vem da Amaz\u00f4nia e que dever\u00e1 persistir nos pr\u00f3ximos dias.<\/p>\n<p>Assim, em Minas as condi\u00e7\u00f5es meteorol\u00f3gicas ficam favor\u00e1veis \u00e0 ocorr\u00eancia de pancadas de chuvas em todas as mesorregi\u00f5es, e os maiores acumulados s\u00e3o esperados na Zona da Mata, Rio Doce, Metropolitana de Belo Horizonte, Central Mineira, Norte e Noroeste. Temperaturas em decl\u00ednio no Estado. Na capital mineira, as condi\u00e7\u00f5es meteorol\u00f3gicas continuam favor\u00e1veis \u00e0 ocorr\u00eancia de chuvas e acumulados significativos, e as temperaturas oscilam entre 17 e 23\u00b0C.<\/p>\n<p>No fim de semana, o tempo permanecer\u00e1 inst\u00e1vel com chuvas em Minas Gerais. As temperaturas ficar\u00e3o baixas no Estado em fun\u00e7\u00e3o da alta cobertura de nuvens. Na Grande Belo Horizonte, as chuvas significativas persistir\u00e3o no decorrer do per\u00edodo, e na capital as temperaturas dever\u00e3o oscilar entre 17\u00b0C e 25\u00b0C.<\/p>\n","protected":false},"excerpt":{"rendered":"<p>Chuva e temperatura mais amena em todas as regi\u00f5es do Estado de Minas Gerais Nesta sexta-feira (6\/2), o tempo permanece inst\u00e1vel sobre boa parte do Sudeste do pa\u00eds (Minas Gerais, Rio de Janeiro e Esp\u00edrito Santo), devido \u00e0 presen\u00e7a de uma \u00e1rea de depress\u00e3o subtropical que atua sobre o oceano, na altura do litoral fluminense, [&hellip;]<\/p>\n","protected":false},"author":1,"featured_media":51728,"comment_status":"open","ping_status":"closed","sticky":false,"template":"","format":"standard","meta":{"amp_status":"","footnotes":""},"categories":[123],"tags":[32560,32561,1956,1839,27976,32559],"class_list":["post-51905","post","type-post","status-publish","format-standard","has-post-thumbnail","hentry","category-gerais","tag-chuva-e-temperatura-mais-amena-em-todas-as-regioes-do-estado-de-minas-gerais","tag-chuva-em-minas-gerais","tag-previsao-do-tempo","tag-previsao-do-tempo-para-minas-gerais","tag-previsao-do-tempo-para-minas-gerais-nesta-sexta-feira","tag-previsao-do-tempo-para-minas-gerais-nesta-sexta-feira-6-de-fevereiro"],"_links":{"self":[{"href":"https:\/\/aconteceunovale.com.br\/portal\/index.php?rest_route=\/wp\/v2\/posts\/51905","targetHints":{"allow":["GET"]}}],"collection":[{"href":"https:\/\/aconteceunovale.com.br\/portal\/index.php?rest_route=\/wp\/v2\/posts"}],"about":[{"href":"https:\/\/aconteceunovale.com.br\/portal\/index.php?rest_route=\/wp\/v2\/types\/post"}],"author":[{"embeddable":true,"href":"https:\/\/aconteceunovale.com.br\/portal\/index.php?rest_route=\/wp\/v2\/users\/1"}],"replies":[{"embeddable":true,"href":"https:\/\/aconteceunovale.com.br\/portal\/index.php?rest_route=%2Fwp%2Fv2%2Fcomments&post=51905"}],"version-history":[{"count":0,"href":"https:\/\/aconteceunovale.com.br\/portal\/index.php?rest_route=\/wp\/v2\/posts\/51905\/revisions"}],"wp:featuredmedia":[{"embeddable":true,"href":"https:\/\/aconteceunovale.com.br\/portal\/index.php?rest_route=\/wp\/v2\/media\/51728"}],"wp:attachment":[{"href":"https:\/\/aconteceunovale.com.br\/portal\/index.php?rest_route=%2Fwp%2Fv2%2Fmedia&parent=51905"}],"wp:term":[{"taxonomy":"category","embeddable":true,"href":"https:\/\/aconteceunovale.com.br\/portal\/index.php?rest_route=%2Fwp%2Fv2%2Fcategories&post=51905"},{"taxonomy":"post_tag","embeddable":true,"href":"https:\/\/aconteceunovale.com.br\/portal\/index.php?rest_route=%2Fwp%2Fv2%2Ftags&post=51905"}],"curies":[{"name":"wp","href":"https:\/\/api.w.org\/{rel}","templated":true}]}}