{"id":51896,"date":"2015-02-06T09:52:09","date_gmt":"2015-02-06T12:52:09","guid":{"rendered":"http:\/\/aconteceunovale.com.br\/portal\/?p=51896"},"modified":"2015-02-06T09:54:09","modified_gmt":"2015-02-06T12:54:09","slug":"da-gestao-para-a-acao","status":"publish","type":"post","link":"https:\/\/aconteceunovale.com.br\/portal\/?p=51896","title":{"rendered":"DA GEST\u00c3O PARA A A\u00c7\u00c3O"},"content":{"rendered":"<p>Comentamos em v\u00e1rios artigos anteriores sobre a import\u00e2ncia da busca e implementa\u00e7\u00e3o de formas alternativas de obten\u00e7\u00e3o de energia el\u00e9trica como a energia solar e a e\u00f3lica, mas temos que ser realistas: estas matrizes energ\u00e9ticas, provavelmente, nunca substituir\u00e3o totalmente a nossa principal matriz geradora de energia el\u00e9trica, a hidroeletricidade.  As t\u00e9rmicas devem ser usadas apenas em momentos de extrema emerg\u00eancia, mas n\u00e3o devem ser utilizadas de forma definitiva, uma energia de alto custo e poluente. Por conta destes eventos de crise pelo qual o Brasil est\u00e1 passando, devemos refletir sobre a implanta\u00e7\u00e3o tamb\u00e9m de modelos energ\u00e9ticos de elevada efici\u00eancia como a energia nuclear.<\/p>\n<p>Apenas as duas usinas nucleares do Brasil, funcionando \u201cmeia boca\u201d, Angra I e Angra II, fornecem energia el\u00e9trica para seis milh\u00f5es de pessoas. Usinas que ocupam pequenos espa\u00e7os, de reduzido impacto ambiental, infinitamente menos quando comparamos as hidrel\u00e9tricas, e de elevado poder de gera\u00e7\u00e3o de energia.  Os res\u00edduos gerados s\u00e3o radioativos, mas sempre em quantidades pequenas e podendo ser reciclado. Outros tipos de res\u00edduos da usina de baixa intensidade de radia\u00e7\u00e3o s\u00e3o armazenados em dep\u00f3sitos totalmente protegidos em \u00e1reas geol\u00f3gicas profundas, de paredes concretadas, sem risco para o homem e o meio ambiente. <\/p>\n<p>S\u00e3o milhares de usinas nucleares espalhadas pelo planeta, principalmente nos pa\u00edses desenvolvidos. Considerando que um acidente pode causar  grandes impactos, a seguran\u00e7a \u00e9 fator primordial para o seu funcionamento. <\/p>\n<p>No atual ritmo de crescimento  econ\u00f4mico mundial e das necessidades energ\u00e9ticas da popula\u00e7\u00e3o do planeta, precisamos cada vez mais de energia sem desconsiderar nenhuma delas, desde as fontes limpas at\u00e9 as mais poluentes, mas mantendo estas \u00faltimas como \u00faltimo recurso. <\/p>\n<p>O Jap\u00e3o, ap\u00f3s o acidente em uma de suas usinas nucleares por conta do tsunami, paralisou as suas atividades energ\u00e9ticas nas mais de sessenta usinas nucleares do pais, mas, em pouco tempo foi obrigado a reativar suas usinas devido a inexist\u00eancia de um plano amplo e imediato de substitui\u00e7\u00e3o das fontes energ\u00e9ticas. Apesar disto, o Jap\u00e3o aprendeu com este desastre: implementou diversos programas de gera\u00e7\u00e3o de energia alternativa no pais, tanto a n\u00edvel residencial quanto industrial.  Os japoneses passaram a investir em fontes de energia alternativa, principalmente a energia solar atrav\u00e9s da implanta\u00e7\u00e3o de pain\u00e9is solares.  Al\u00e9m da retirada dos impostos para facilitar a aquisi\u00e7\u00e3o dos equipamentos os japoneses reduziram suas contas de energia, a sobrecarga do sistema e, de quebra, vendem a energia excedente para as distribuidoras.  Podemos ver que os japoneses n\u00e3o vivem de palavras ou de promessas mas de a\u00e7\u00f5es. As pol\u00edticas p\u00fablicas s\u00e3o s\u00e9rias e realmente voltadas para o cidad\u00e3o e para a na\u00e7\u00e3o. Infelizmente, aqui \u00e9 diferente. Quando existe uma crise nacional de \u00e1gua e energia como estamos vivendo atualmente, ao inv\u00e9s de estimular a popula\u00e7\u00e3o na implanta\u00e7\u00e3o de sistemas alternativos para reduzir a sobrecarga do sistema, o governo promove o aumento dos pre\u00e7os das tarifas, ou seja, a popula\u00e7\u00e3o paga a conta da falta de planejamento do governo. <\/p>\n<p>Gerir um munic\u00edpio, um Estado ou a na\u00e7\u00e3o com aumento de impostos para pagar os rombos \u00e9 f\u00e1cil. Quero ver gerir  com sabedoria, planejamento e colocando as informa\u00e7\u00f5es t\u00e9cnicas acima dos interesses pol\u00edticos.<\/p>\n<h4><strong>Quem \u00e9 Alexandre Sylvio Vieira da Costa?<\/strong><\/h4>\n<p>[image src=&#8221;http:\/\/aconteceunovale.com.br\/portal\/wp-content\/uploads\/2014\/06\/alexandre_coluna_agro.jpg&#8221; width=&#8221;372&#8243; height=&#8221;220&#8243; lightbox=&#8221;yes&#8221; align=&#8221;left&#8221; float=&#8221;left&#8221;]- Nascido na cidade de Niter\u00f3i, RJ;<br \/>\n&#8211; Engenheiro Agr\u00f4nomo Formado pela Universidade Federal Rural do Rio de Janeiro;<br \/>\n&#8211; Mestre em Produ\u00e7\u00e3o Vegetal pela Embrapa-Agrobiologia\/Universidade Federal Rural do<br \/>\nRio de Janeiro;<br \/>\n&#8211; Doutor em Produ\u00e7\u00e3o Vegetal pela Universidade Federal de Vi\u00e7osa;<br \/>\n&#8211; P\u00f3s doutorado em Geoci\u00eancias pela Universidade Federal de Minas Gerais;<br \/>\n&#8211; Foi Coordenador Adjunto da C\u00e2mara Especializada de Agronomia e Coordenador da<br \/>\nComiss\u00e3o T\u00e9cnica de Meio Ambiente do CREA\/Minas;<br \/>\n&#8211; Foi Presidente da C\u00e2mara T\u00e9cnica de eventos Cr\u00edticos do Comit\u00ea da Bacia<br \/>\nHidrogr\u00e1fica do Rio Doce;<br \/>\n&#8211; Atualmente, professor Adjunto dos cursos de Engenharia da Universidade Federal dos<br \/>\nVales do Jequitinhonha e Mucuri, Campus Te\u00f3filo Otoni;<\/p>\n<p>&#8211; Blog: <a href=\"http:\/\/asylvio.blogspot.com.br\" target=\"_blank\">asylvio.blogspot.com.br<\/a><br \/>\n&#8211; E-mail: alexandre.costa@ufvjm.edu.br<\/p>\n","protected":false},"excerpt":{"rendered":"<p>Comentamos em v\u00e1rios artigos anteriores sobre a import\u00e2ncia da busca e implementa\u00e7\u00e3o de formas alternativas de obten\u00e7\u00e3o de energia el\u00e9trica como a energia solar e a e\u00f3lica, mas temos que ser realistas: estas matrizes energ\u00e9ticas, provavelmente, nunca substituir\u00e3o totalmente a nossa principal matriz geradora de energia el\u00e9trica, a hidroeletricidade. As t\u00e9rmicas devem ser usadas apenas [&hellip;]<\/p>\n","protected":false},"author":1,"featured_media":32009,"comment_status":"open","ping_status":"closed","sticky":false,"template":"","format":"standard","meta":{"amp_status":"","footnotes":""},"categories":[4927],"tags":[32552,32428,32553,32549,32551,32555,32554,32550,32556],"class_list":["post-51896","post","type-post","status-publish","format-standard","has-post-thumbnail","hentry","category-colunistas","tag-apagao","tag-apagao-no-brasil","tag-da-gestao-para-a-acao","tag-diversificacao-da-energia","tag-falta-de-energia-no-brasil","tag-hidroeletricidade","tag-matriz-geradora-de-energia-eletrica","tag-problemas-com-energia-no-brasil","tag-usinas-nucleares-do-brasil"],"_links":{"self":[{"href":"https:\/\/aconteceunovale.com.br\/portal\/index.php?rest_route=\/wp\/v2\/posts\/51896","targetHints":{"allow":["GET"]}}],"collection":[{"href":"https:\/\/aconteceunovale.com.br\/portal\/index.php?rest_route=\/wp\/v2\/posts"}],"about":[{"href":"https:\/\/aconteceunovale.com.br\/portal\/index.php?rest_route=\/wp\/v2\/types\/post"}],"author":[{"embeddable":true,"href":"https:\/\/aconteceunovale.com.br\/portal\/index.php?rest_route=\/wp\/v2\/users\/1"}],"replies":[{"embeddable":true,"href":"https:\/\/aconteceunovale.com.br\/portal\/index.php?rest_route=%2Fwp%2Fv2%2Fcomments&post=51896"}],"version-history":[{"count":0,"href":"https:\/\/aconteceunovale.com.br\/portal\/index.php?rest_route=\/wp\/v2\/posts\/51896\/revisions"}],"wp:featuredmedia":[{"embeddable":true,"href":"https:\/\/aconteceunovale.com.br\/portal\/index.php?rest_route=\/wp\/v2\/media\/32009"}],"wp:attachment":[{"href":"https:\/\/aconteceunovale.com.br\/portal\/index.php?rest_route=%2Fwp%2Fv2%2Fmedia&parent=51896"}],"wp:term":[{"taxonomy":"category","embeddable":true,"href":"https:\/\/aconteceunovale.com.br\/portal\/index.php?rest_route=%2Fwp%2Fv2%2Fcategories&post=51896"},{"taxonomy":"post_tag","embeddable":true,"href":"https:\/\/aconteceunovale.com.br\/portal\/index.php?rest_route=%2Fwp%2Fv2%2Ftags&post=51896"}],"curies":[{"name":"wp","href":"https:\/\/api.w.org\/{rel}","templated":true}]}}