{"id":51894,"date":"2015-02-06T09:49:15","date_gmt":"2015-02-06T12:49:15","guid":{"rendered":"http:\/\/aconteceunovale.com.br\/portal\/?p=51894"},"modified":"2015-02-06T09:49:15","modified_gmt":"2015-02-06T12:49:15","slug":"plantao-do-samu-no-norte-de-minas-gerais-05-de-fevereiro-de-2015","status":"publish","type":"post","link":"https:\/\/aconteceunovale.com.br\/portal\/?p=51894","title":{"rendered":"Plant\u00e3o do Samu no Norte de Minas Gerais &#8211; 05 de fevereiro de 2015"},"content":{"rendered":"<h4><strong><em>Quinta-feira, 05 de fevereiro de 2015<\/em><\/strong><\/h4>\n<p>A unidade do SAMU de Montes Claros realizou na quinta-feira, 05 de fevereiro, 40 atendimentos, sendo 27 casos cl\u00ednicos, 9 ocorr\u00eancias de acidente de tr\u00e2nsito, todos envolvendo motocicleta, 01 crian\u00e7a de 12 anos que caiu de uma laje na Vila Telma; 01 homem de 62 anos que sofreu convuls\u00e3o dentro do \u00f4nibus, no bairro jardim Palmeiras; 01 gestante em trabalho de parto no bairro Alto da Boa Vista; e um beb\u00ea de 4 meses, engasgado com leite.<\/p>\n<p>\u00c0s 20h45, a unidade do SAMU foi acionada para atendimento a um homem de 27 anos, que caiu de bicicleta no bairro Santo Amaro. Ele apresentava poss\u00edvel contus\u00e3o no ombro direita e escoria\u00e7\u00f5es no bra\u00e7o direito.<\/p>\n<p>\u00c0s 14h30, a unidade do SAMU foi acionada para atendimento a um homem de 24 anos, que caiu de moto na Avenida Deputado Pl\u00ednio Ribeiro, Vila Ipiranga. Ele apresentava escoria\u00e7\u00f5es no joelho esquerdo.<\/p>\n<p>\u00c0s 13h30, a unidade do SAMU foi acionada para atendimento a um homem de 24 anos, ferido ap\u00f3s colidir de moto contra um carro no bairro Major Prates. Ele conduzia a moto e apresentava fratura exposta da perna esquerda.<\/p>\n<p>\u00c0s 12h05, a unidade do SAMU foi acionada para atendimento a um homem de 25 anos, que caiu de moto na Avenida Norival Guilherme Vieira, bairro Ibituruna. Ele se queixava de dor intensa na perna esquerda, com deformidade, escoria\u00e7\u00f5es no bra\u00e7o esquerdo.<\/p>\n<p>\u00c0s 11h35, a unidade do SAMU foi acionada para atendimento a um homem de 52 anos, ferido ap\u00f3s colidir de moto contra um carro na Rua Belo Horizonte, regi\u00e3o central de Montes Claros. Ele conduzia a moto e apresentava escoria\u00e7\u00f5es no joelho direito, sem suspeita de fratura.<\/p>\n<p>\u00c0s 9h10, a unidade do SAMU foi acionada para atendimento a um homem de 26 anos, que caiu de moto na Rua Padre Teixeira, regi\u00e3o central de Montes Claros. Ele se queixava de dor intensa na perna esquerda e regi\u00e3o dorsal.<\/p>\n<p>Duas pessoas ficaram feridas em um acidente envolvendo uma motocicleta, ocorrido na Avenida Imperatriz Leopoldina, bairro Independ\u00eancia. Um homem de 84 anos foi atropelado pela moto e se queixava de dor no t\u00f3rax, sem sinais de fratura. O condutor, de 19 anos, se queixava de dor no punho direito, onde apresentava edema e escoria\u00e7\u00f5es.<\/p>\n<p>\u00c0s 7 horas, a unidade do SAMU foi acionada para atendimento a um homem de 28 anos, que caiu de moto no bairro Mangues. Ele se queixava de dor lombar e do dedo anelar<\/p>\n<p>Em todas as ocorr\u00eancias os feridos receberam os primeiros atendimentos no local e foram encaminhados ao hospital para avalia\u00e7\u00e3o.<\/p>\n","protected":false},"excerpt":{"rendered":"<p>Quinta-feira, 05 de fevereiro de 2015 A unidade do SAMU de Montes Claros realizou na quinta-feira, 05 de fevereiro, 40 atendimentos, sendo 27 casos cl\u00ednicos, 9 ocorr\u00eancias de acidente de tr\u00e2nsito, todos envolvendo motocicleta, 01 crian\u00e7a de 12 anos que caiu de uma laje na Vila Telma; 01 homem de 62 anos que sofreu convuls\u00e3o [&hellip;]<\/p>\n","protected":false},"author":1,"featured_media":46383,"comment_status":"open","ping_status":"closed","sticky":false,"template":"","format":"standard","meta":{"amp_status":"","footnotes":""},"categories":[1236],"tags":[210,24659,24089,18898,18108,32548,18629,21139,4040],"class_list":["post-51894","post","type-post","status-publish","format-standard","has-post-thumbnail","hentry","category-norte_de_minas","tag-montes-claros","tag-plantao-do-samu-de-montes-claros","tag-plantao-do-samu-do-norte-de-minas","tag-plantao-do-samu-macro-norte","tag-plantao-do-samu-no-norte-de-minas-gerais","tag-plantao-do-samu-no-norte-de-minas-gerais-05-de-fevereiro-de-2015","tag-samu-de-montes-claros","tag-samu-do-norte-de-minas","tag-samu-macro-norte"],"_links":{"self":[{"href":"https:\/\/aconteceunovale.com.br\/portal\/index.php?rest_route=\/wp\/v2\/posts\/51894","targetHints":{"allow":["GET"]}}],"collection":[{"href":"https:\/\/aconteceunovale.com.br\/portal\/index.php?rest_route=\/wp\/v2\/posts"}],"about":[{"href":"https:\/\/aconteceunovale.com.br\/portal\/index.php?rest_route=\/wp\/v2\/types\/post"}],"author":[{"embeddable":true,"href":"https:\/\/aconteceunovale.com.br\/portal\/index.php?rest_route=\/wp\/v2\/users\/1"}],"replies":[{"embeddable":true,"href":"https:\/\/aconteceunovale.com.br\/portal\/index.php?rest_route=%2Fwp%2Fv2%2Fcomments&post=51894"}],"version-history":[{"count":0,"href":"https:\/\/aconteceunovale.com.br\/portal\/index.php?rest_route=\/wp\/v2\/posts\/51894\/revisions"}],"wp:featuredmedia":[{"embeddable":true,"href":"https:\/\/aconteceunovale.com.br\/portal\/index.php?rest_route=\/wp\/v2\/media\/46383"}],"wp:attachment":[{"href":"https:\/\/aconteceunovale.com.br\/portal\/index.php?rest_route=%2Fwp%2Fv2%2Fmedia&parent=51894"}],"wp:term":[{"taxonomy":"category","embeddable":true,"href":"https:\/\/aconteceunovale.com.br\/portal\/index.php?rest_route=%2Fwp%2Fv2%2Fcategories&post=51894"},{"taxonomy":"post_tag","embeddable":true,"href":"https:\/\/aconteceunovale.com.br\/portal\/index.php?rest_route=%2Fwp%2Fv2%2Ftags&post=51894"}],"curies":[{"name":"wp","href":"https:\/\/api.w.org\/{rel}","templated":true}]}}