{"id":51752,"date":"2015-02-04T11:50:40","date_gmt":"2015-02-04T14:50:40","guid":{"rendered":"http:\/\/aconteceunovale.com.br\/portal\/?p=51752"},"modified":"2015-02-04T11:54:49","modified_gmt":"2015-02-04T14:54:49","slug":"coronel-murta-e-a-segunda-cidade-do-vale-do-jequitinhonha-a-cancelar-o-carnaval-2015","status":"publish","type":"post","link":"https:\/\/aconteceunovale.com.br\/portal\/?p=51752","title":{"rendered":"Coronel Murta \u00e9 a segunda cidade do Vale do Jequitinhonha a cancelar o carnaval 2015"},"content":{"rendered":"<h4><strong><em>Prefeito justificou o cancelamento do evento devido \u00e0 situa\u00e7\u00e3o financeira enfrentada pelo munic\u00edpio. Itamarandiba tamb\u00e9m cancelou o evento.<\/em><\/strong><\/h4>\n<p>A crise h\u00eddrica que atinge algumas regi\u00f5es de Minas Gerais e o receio de uma \u201cinvas\u00e3o\u201d de foli\u00f5es, al\u00e9m do corte de verbas, fizeram pelo menos 20 cidades do interior mineiro cancelarem o carnaval deste ano.<\/p>\n<p>Em Coronel Murta, no Vale do Jequitinhonha, a justificativa para o cancelamento do evento \u00e9 a queda da arrecada\u00e7\u00e3o. &#8220;Reconhecemos a import\u00e2ncia da festa, mas com a queda da arrecada\u00e7\u00e3o, vamos priorizar o pagamento de fornecedores e o restante do acerto que temos de fazer com os funcion\u00e1rios contratados e que foram dispensados no final do ano. Para n\u00f3s, neste momento, o importante \u00e9 equilibrar as finan\u00e7as da prefeitura e manter os servi\u00e7os b\u00e1sicos funcionando. O que adianta fazer uma festa e n\u00e3o honrar os compromissos?&#8221;, disse o prefeito Elet\u00e2ncio Freire.<\/p>\n<p><img decoding=\"async\" src=\"http:\/\/aconteceunovale.com.br\/portal\/wp-content\/uploads\/2015\/02\/coronel_murta_praia2.jpg\" alt=\"\" \/><em>A praia de Coronel Murta, \u00e0s margens do rio Jequitinhonha, atrai turistas das cidades vizinhas durante todo o ano &#8211; Foto: Fabiano Rocha \/ Reprodu\u00e7\u00e3o Facebook<\/em><br \/>\n<\/br><\/p>\n<p>Ele disse ainda, que a festa tradicional da cidade \u00e9 o Grande Forr\u00f3, em julho. &#8220;At\u00e9 l\u00e1 j\u00e1 estaremos com as finan\u00e7as equilibradas e prontos para uma festa \u00e0 altura do nosso povo&#8221;, disse o prefeito.<\/p>\n<p>Durante o carnaval muitos visitantes das cidades vizinhas procuram Coronel Murta para desfrutar da praia \u00e0s margens do rio Jequitinhonha. &#8220;Todos s\u00e3o bem vindos. J\u00e1 acertamos com a Pol\u00edcia Militar o refor\u00e7o na seguran\u00e7a&#8221;.<\/p>\n<h4>Itamarandiba sem Carnaval<\/h4>\n<p>Nessa ter\u00e7a-feira (3), a Prefeitura de Itamarandiba j\u00e1 havia confirmado o cancelamento do evento devido \u00e0 crise financeira. Em nota, a administra\u00e7\u00e3o informou que entende que n\u00e3o \u00e9 justo promover o carnaval uma vez que o munic\u00edpio enfrenta s\u00e9rias dificuldades para manter servi\u00e7os b\u00e1sicos \u00e0 popula\u00e7\u00e3o, bem como para pagar servidores e fornecedores.<\/p>\n<h4>Carnaval confirmado<\/h4>\n<p>Cidades hist\u00f3ricas de Minas, como Diamantina e Ouro Preto, mantiveram o carnaval. As prefeituras garantem que n\u00e3o vai faltar \u00e1gua e os munic\u00edpios est\u00e3o preparados para receber mais visitantes do que em anos anteriores. No Vale do Jequitinhonha, Minas Novas, Itinga, Jequitinhonha, Leme do Prado e Berilo v\u00e3o realizar a festa.<\/p>\n<p><img decoding=\"async\" src=\"http:\/\/aconteceunovale.com.br\/portal\/wp-content\/uploads\/2015\/02\/coronel_murta_praia1.jpg\" alt=\"\" \/><em>A praia de Coronel Murta, \u00e0s margens do rio Jequitinhonha, atrai turistas das cidades vizinhas durante todo o ano &#8211; Foto: Fabiano Rocha \/ Reprodu\u00e7\u00e3o Facebook<\/em><br \/>\n<\/br><\/p>\n<p><strong><em>(Gazeta de Ara\u00e7ua\u00ed \/ Aconteceu no Vale)<\/em><\/strong><\/p>\n","protected":false},"excerpt":{"rendered":"<p>Prefeito justificou o cancelamento do evento devido \u00e0 situa\u00e7\u00e3o financeira enfrentada pelo munic\u00edpio. Itamarandiba tamb\u00e9m cancelou o evento. A crise h\u00eddrica que atinge algumas regi\u00f5es de Minas Gerais e o receio de uma \u201cinvas\u00e3o\u201d de foli\u00f5es, al\u00e9m do corte de verbas, fizeram pelo menos 20 cidades do interior mineiro cancelarem o carnaval deste ano. Em [&hellip;]<\/p>\n","protected":false},"author":1,"featured_media":51754,"comment_status":"open","ping_status":"closed","sticky":false,"template":"","format":"standard","meta":{"amp_status":"","footnotes":""},"categories":[120],"tags":[841,32368,29700,32369,4667,483,32371,32370,1018,198,149,189,480,137,211,206030],"class_list":["post-51752","post","type-post","status-publish","format-standard","has-post-thumbnail","hentry","category-jequi","tag-berilo","tag-cancelamento-do-carnaval-de-coronel-murta","tag-carnaval-2015","tag-carnaval-2015-de-coronel-murta","tag-carnaval-de-coronel-murta","tag-coronel-murta","tag-coronel-murta-e-a-segunda-cidade-do-vale-do-jequitinhonha-a-cancelar-o-carnaval-2015","tag-coronel-murta-e-mais-uma-cidade-do-vale-do-jequitinhonha-que-nao-tera-carnaval-em-2015","tag-destaque","tag-diamantina","tag-itamarandiba","tag-itinga","tag-leme-do-prado","tag-minas-novas","tag-ouro-preto","tag-jequi"],"_links":{"self":[{"href":"https:\/\/aconteceunovale.com.br\/portal\/index.php?rest_route=\/wp\/v2\/posts\/51752","targetHints":{"allow":["GET"]}}],"collection":[{"href":"https:\/\/aconteceunovale.com.br\/portal\/index.php?rest_route=\/wp\/v2\/posts"}],"about":[{"href":"https:\/\/aconteceunovale.com.br\/portal\/index.php?rest_route=\/wp\/v2\/types\/post"}],"author":[{"embeddable":true,"href":"https:\/\/aconteceunovale.com.br\/portal\/index.php?rest_route=\/wp\/v2\/users\/1"}],"replies":[{"embeddable":true,"href":"https:\/\/aconteceunovale.com.br\/portal\/index.php?rest_route=%2Fwp%2Fv2%2Fcomments&post=51752"}],"version-history":[{"count":0,"href":"https:\/\/aconteceunovale.com.br\/portal\/index.php?rest_route=\/wp\/v2\/posts\/51752\/revisions"}],"wp:featuredmedia":[{"embeddable":true,"href":"https:\/\/aconteceunovale.com.br\/portal\/index.php?rest_route=\/wp\/v2\/media\/51754"}],"wp:attachment":[{"href":"https:\/\/aconteceunovale.com.br\/portal\/index.php?rest_route=%2Fwp%2Fv2%2Fmedia&parent=51752"}],"wp:term":[{"taxonomy":"category","embeddable":true,"href":"https:\/\/aconteceunovale.com.br\/portal\/index.php?rest_route=%2Fwp%2Fv2%2Fcategories&post=51752"},{"taxonomy":"post_tag","embeddable":true,"href":"https:\/\/aconteceunovale.com.br\/portal\/index.php?rest_route=%2Fwp%2Fv2%2Ftags&post=51752"}],"curies":[{"name":"wp","href":"https:\/\/api.w.org\/{rel}","templated":true}]}}