{"id":51738,"date":"2015-02-04T10:30:53","date_gmt":"2015-02-04T13:30:53","guid":{"rendered":"http:\/\/aconteceunovale.com.br\/portal\/?p=51738"},"modified":"2015-02-04T10:30:53","modified_gmt":"2015-02-04T13:30:53","slug":"plantao-do-samu-no-norte-de-minas-gerais-03-de-fevereiro-de-2015","status":"publish","type":"post","link":"https:\/\/aconteceunovale.com.br\/portal\/?p=51738","title":{"rendered":"Plant\u00e3o do Samu no Norte de Minas Gerais &#8211; 03 de fevereiro de 2015"},"content":{"rendered":"<h4><strong><em>Ter\u00e7a-feira, 03 de fevereiro de 2015<\/em><\/strong><\/h4>\n<p>A unidade do SAMU de Montes Claros realizou na ter\u00e7a-feira, 03 de fevereiro, 44 atendimentos, sendo 30 casos cl\u00ednicos, 12 v\u00edtimas feridas em acidente de tr\u00e2nsito, todos envolvendo motocicleta; um caso de agress\u00e3o f\u00edsica e 01 queda de andaime.<\/p>\n<p>\u00c0s 21h40, a unidade do SAMU foi acionada para atendimento a um homem de 39 anos, que sofreu agress\u00e3o f\u00edsica no bairro S\u00e3o Geraldo. Ele apresentava edema no superc\u00edlio esquerdo.<\/p>\n<p>Duas pessoas ficaram feridas em uma colis\u00e3o entre duas motos no bairro Cidade Industrial. O condutor de uma das motos, de 21 anos, apresentava escoria\u00e7\u00f5es no bra\u00e7o esquerdo, e a condutora da outra moto, de 19 anos, apresentava escoria\u00e7\u00f5es na perna esquerda.<\/p>\n<p>\u00c0s 20h25, a unidade do SAMU foi acionada para atendimento a um rapaz de 18 anos, ferido ap\u00f3s colidir de bicicleta contra um carro na regi\u00e3o central de Montes Claros. Ele se queixava de dor no joelho direito e no p\u00e9 direito.<\/p>\n<p>Duas pessoas ficaram feridas em uma colis\u00e3o entre um carro e uma moto, no bairro Independ\u00eancia. O condutor da moto apresentava escoria\u00e7\u00f5es na perna esquerda e nas costas. Uma mulher de 31 anos, que estava na garupa da moto, sofreu ferimentos nos bra\u00e7os e pernas, sem sinal de fratura.<\/p>\n<p>\u00c0s 20h25, a unidade do SAMU foi acionada para atendimento a uma mulher de 19 anos, ferida ap\u00f3s colidir de moto contra um carro na Avenida Deputado Esteves Rodrigues, regi\u00e3o central de Montes Claros. Ela conduzia a moto e apresentava escoria\u00e7\u00f5es na barriga e perna esquerda.<\/p>\n<p>\u00c0s 20h25, a unidade do SAMU foi acionada para atendimento a um homem de 26 anos, que caiu de bicicleta no bairro Jaragu\u00e1 II e relata desconforto nas costas.<\/p>\n<p>\u00c0s 14h40, a unidade do SAMU foi acionada para atendimento a um homem de 41 anos, ferido ap\u00f3s colidir de moto contra uma bicicleta no bairro Delfino Magalh\u00e3es. Ele se queixava de dor na perna direita.<\/p>\n<p>\u00c0s 14h30, a unidade do SAMU foi acionada para atendimento a um homem de 24 anos, que caiu de moto na Vila Ipiranga e relata desconforto nas costas.<\/p>\n<p>\u00c0s 12 horas, a unidade do SAMU foi acionada para atendimento a um homem de 20 anos, ferido ap\u00f3s colidir de moto contra um carro na Avenida Jo\u00e3o XXIII, bairro Santos Reis. Ele conduzia a moto e se queixava de dor na regi\u00e3o cervical. Um homem de 26 anos que estava na garupa da moto, apresentava escoria\u00e7\u00f5es nos bra\u00e7os e na regi\u00e3o cervical.<\/p>\n<p>\u00c0s 12h30, a unidade do SAMU foi acionada para atendimento a um homem de 38 anos, ferido ap\u00f3s colidir de moto contra um carro na Ru Pires e Albuquerque, regi\u00e3o central de Montes Claros. Ele conduzia a moto e apresentava fratura exposta do tornozelo direito.<\/p>\n<p>\u00c0s 10h30, a unidade do SAMU foi acionada para atendimento a um homem de 47 anos, que caiu de andaime de cerca de 2 metros, no bairro Alterosa I. Ele se queixava de dor na regi\u00e3o lombar e ombro esquerdo e apresentava escoria\u00e7\u00f5es na perna direita.<\/p>\n<p>Em todas as ocorr\u00eancias os feridos receberam os primeiros atendimentos no local e foram encaminhados ao hospital para avalia\u00e7\u00e3o.<\/p>\n","protected":false},"excerpt":{"rendered":"<p>Ter\u00e7a-feira, 03 de fevereiro de 2015 A unidade do SAMU de Montes Claros realizou na ter\u00e7a-feira, 03 de fevereiro, 44 atendimentos, sendo 30 casos cl\u00ednicos, 12 v\u00edtimas feridas em acidente de tr\u00e2nsito, todos envolvendo motocicleta; um caso de agress\u00e3o f\u00edsica e 01 queda de andaime. \u00c0s 21h40, a unidade do SAMU foi acionada para atendimento [&hellip;]<\/p>\n","protected":false},"author":1,"featured_media":46383,"comment_status":"open","ping_status":"closed","sticky":false,"template":"","format":"standard","meta":{"amp_status":"","footnotes":""},"categories":[1236],"tags":[210,24659,24089,18898,18108,32343,18629,21139,4040],"class_list":["post-51738","post","type-post","status-publish","format-standard","has-post-thumbnail","hentry","category-norte_de_minas","tag-montes-claros","tag-plantao-do-samu-de-montes-claros","tag-plantao-do-samu-do-norte-de-minas","tag-plantao-do-samu-macro-norte","tag-plantao-do-samu-no-norte-de-minas-gerais","tag-plantao-do-samu-no-norte-de-minas-gerais-03-de-fevereiro-de-2015","tag-samu-de-montes-claros","tag-samu-do-norte-de-minas","tag-samu-macro-norte"],"_links":{"self":[{"href":"https:\/\/aconteceunovale.com.br\/portal\/index.php?rest_route=\/wp\/v2\/posts\/51738","targetHints":{"allow":["GET"]}}],"collection":[{"href":"https:\/\/aconteceunovale.com.br\/portal\/index.php?rest_route=\/wp\/v2\/posts"}],"about":[{"href":"https:\/\/aconteceunovale.com.br\/portal\/index.php?rest_route=\/wp\/v2\/types\/post"}],"author":[{"embeddable":true,"href":"https:\/\/aconteceunovale.com.br\/portal\/index.php?rest_route=\/wp\/v2\/users\/1"}],"replies":[{"embeddable":true,"href":"https:\/\/aconteceunovale.com.br\/portal\/index.php?rest_route=%2Fwp%2Fv2%2Fcomments&post=51738"}],"version-history":[{"count":0,"href":"https:\/\/aconteceunovale.com.br\/portal\/index.php?rest_route=\/wp\/v2\/posts\/51738\/revisions"}],"wp:featuredmedia":[{"embeddable":true,"href":"https:\/\/aconteceunovale.com.br\/portal\/index.php?rest_route=\/wp\/v2\/media\/46383"}],"wp:attachment":[{"href":"https:\/\/aconteceunovale.com.br\/portal\/index.php?rest_route=%2Fwp%2Fv2%2Fmedia&parent=51738"}],"wp:term":[{"taxonomy":"category","embeddable":true,"href":"https:\/\/aconteceunovale.com.br\/portal\/index.php?rest_route=%2Fwp%2Fv2%2Fcategories&post=51738"},{"taxonomy":"post_tag","embeddable":true,"href":"https:\/\/aconteceunovale.com.br\/portal\/index.php?rest_route=%2Fwp%2Fv2%2Ftags&post=51738"}],"curies":[{"name":"wp","href":"https:\/\/api.w.org\/{rel}","templated":true}]}}