{"id":51727,"date":"2015-02-04T10:15:39","date_gmt":"2015-02-04T13:15:39","guid":{"rendered":"http:\/\/aconteceunovale.com.br\/portal\/?p=51727"},"modified":"2015-02-04T10:15:39","modified_gmt":"2015-02-04T13:15:39","slug":"previsao-do-tempo-para-minas-gerais-nesta-quarta-feira-4-de-fevereiro","status":"publish","type":"post","link":"https:\/\/aconteceunovale.com.br\/portal\/?p=51727","title":{"rendered":"Previs\u00e3o do tempo para Minas Gerais nesta quarta-feira, 4 de fevereiro"},"content":{"rendered":"<h4><em><strong>Possibilidade de chuvas em v\u00e1rias regi\u00f5es do Estado de Minas Gerais<\/strong><\/em><\/h4>\n<p>Nesta quarta-feira, o tempo permanece inst\u00e1vel sobre boa parte do Sudeste, devido \u00e0 presen\u00e7a de um cavado (\u00e1rea de baixa press\u00e3o). que se estende desde o continente at\u00e9 o oceano adjacente. Em Minas Gerais, as condi\u00e7\u00f5es meteorol\u00f3gicas ficam favor\u00e1veis \u00e0 ocorr\u00eancia de chuvas no Tri\u00e2ngulo, Oeste, Sul, Campo das Vertentes, Zona da Mata, Rio Doce, Central Mineira, Metropolitana de Belo Horizonte e Noroeste.<\/p>\n<p>Nas demais mesorregi\u00f5es de Minas Gerais, o dia ser\u00e1 de c\u00e9u parcialmente nublado com possibilidade de chuvas fracas e isoladas a partir da tarde e noite. Temperaturas diurnas em ligeiro decl\u00ednio no Estado, especialmente nas \u00e1reas de chuva. Na capital mineira, o c\u00e9u fica com nebulosidade acentuada e h\u00e1 previs\u00e3o de chuvas, especialmente a partir da tarde, e as temperaturas oscilam entre 17 e 28\u00b0C.<\/p>\n","protected":false},"excerpt":{"rendered":"<p>Possibilidade de chuvas em v\u00e1rias regi\u00f5es do Estado de Minas Gerais Nesta quarta-feira, o tempo permanece inst\u00e1vel sobre boa parte do Sudeste, devido \u00e0 presen\u00e7a de um cavado (\u00e1rea de baixa press\u00e3o). que se estende desde o continente at\u00e9 o oceano adjacente. Em Minas Gerais, as condi\u00e7\u00f5es meteorol\u00f3gicas ficam favor\u00e1veis \u00e0 ocorr\u00eancia de chuvas no [&hellip;]<\/p>\n","protected":false},"author":1,"featured_media":51728,"comment_status":"open","ping_status":"closed","sticky":false,"template":"","format":"standard","meta":{"amp_status":"","footnotes":""},"categories":[123],"tags":[1956,1839,29094,32335],"class_list":["post-51727","post","type-post","status-publish","format-standard","has-post-thumbnail","hentry","category-gerais","tag-previsao-do-tempo","tag-previsao-do-tempo-para-minas-gerais","tag-previsao-do-tempo-para-minas-gerais-nesta-quarta-feira","tag-previsao-do-tempo-para-minas-gerais-nesta-quarta-feira-4-de-fevereiro"],"_links":{"self":[{"href":"https:\/\/aconteceunovale.com.br\/portal\/index.php?rest_route=\/wp\/v2\/posts\/51727","targetHints":{"allow":["GET"]}}],"collection":[{"href":"https:\/\/aconteceunovale.com.br\/portal\/index.php?rest_route=\/wp\/v2\/posts"}],"about":[{"href":"https:\/\/aconteceunovale.com.br\/portal\/index.php?rest_route=\/wp\/v2\/types\/post"}],"author":[{"embeddable":true,"href":"https:\/\/aconteceunovale.com.br\/portal\/index.php?rest_route=\/wp\/v2\/users\/1"}],"replies":[{"embeddable":true,"href":"https:\/\/aconteceunovale.com.br\/portal\/index.php?rest_route=%2Fwp%2Fv2%2Fcomments&post=51727"}],"version-history":[{"count":0,"href":"https:\/\/aconteceunovale.com.br\/portal\/index.php?rest_route=\/wp\/v2\/posts\/51727\/revisions"}],"wp:featuredmedia":[{"embeddable":true,"href":"https:\/\/aconteceunovale.com.br\/portal\/index.php?rest_route=\/wp\/v2\/media\/51728"}],"wp:attachment":[{"href":"https:\/\/aconteceunovale.com.br\/portal\/index.php?rest_route=%2Fwp%2Fv2%2Fmedia&parent=51727"}],"wp:term":[{"taxonomy":"category","embeddable":true,"href":"https:\/\/aconteceunovale.com.br\/portal\/index.php?rest_route=%2Fwp%2Fv2%2Fcategories&post=51727"},{"taxonomy":"post_tag","embeddable":true,"href":"https:\/\/aconteceunovale.com.br\/portal\/index.php?rest_route=%2Fwp%2Fv2%2Ftags&post=51727"}],"curies":[{"name":"wp","href":"https:\/\/api.w.org\/{rel}","templated":true}]}}