{"id":51716,"date":"2015-02-03T22:36:48","date_gmt":"2015-02-04T01:36:48","guid":{"rendered":"http:\/\/aconteceunovale.com.br\/portal\/?p=51716"},"modified":"2015-02-03T22:40:07","modified_gmt":"2015-02-04T01:40:07","slug":"homem-e-preso-por-estuprar-menina-de-11-anos-em-rio-pardo-de-minas","status":"publish","type":"post","link":"https:\/\/aconteceunovale.com.br\/portal\/?p=51716","title":{"rendered":"Homem \u00e9 preso por estuprar menina de 11 anos em Rio Pardo de Minas"},"content":{"rendered":"<h4><strong><em>Ele estava se relacionando com menina h\u00e1 um m\u00eas. Pol\u00edcia chegou at\u00e9 o suspeito ap\u00f3s den\u00fancia do Conselho Tutelar.<\/em><\/strong><\/h4>\n<p>[image src=&#8221;http:\/\/aconteceunovale.com.br\/portal\/wp-content\/uploads\/2015\/02\/estuprador_rpm.jpg&#8221; width=&#8221;300&#8243; height=&#8221;225&#8243; lightbox=&#8221;yes&#8221; align=&#8221;left&#8221; float=&#8221;left&#8221;]A pol\u00edcia cumpriu nesta ter\u00e7a-feira, 3 de fevereiro, mandados de busca e apreens\u00e3o na casa de Joaquim Ferreira Carvalho, de 33 anos, que foi preso nessa segunda (2) por suspeita de estupro de vulner\u00e1vel, em Rio Pardo de Minas, no Norte do Estado.<\/p>\n<p>A pol\u00edcia chegou at\u00e9 o homem ap\u00f3s den\u00fancia do Conselho Tutelar da cidade, que informou que ele estava se relacionando h\u00e1 cerca de um m\u00eas com uma menina de 11 anos.<\/p>\n<p>De acordo com a Pol\u00edcia Civil, ap\u00f3s duas semanas de investiga\u00e7\u00e3o, o delegado respons\u00e1vel pelo caso, Luiz Cl\u00e1udio Freitas Nascimento, pediu a pris\u00e3o do suspeito, que chegou a dar um celular para a v\u00edtima e teria prometido casamento. Durante depoimento, Joaquim Ferreira Carvalho confessou o estupro. <strong>(G1)<\/strong><\/p>\n","protected":false},"excerpt":{"rendered":"<p>Ele estava se relacionando com menina h\u00e1 um m\u00eas. Pol\u00edcia chegou at\u00e9 o suspeito ap\u00f3s den\u00fancia do Conselho Tutelar. [image src=&#8221;http:\/\/aconteceunovale.com.br\/portal\/wp-content\/uploads\/2015\/02\/estuprador_rpm.jpg&#8221; width=&#8221;300&#8243; height=&#8221;225&#8243; lightbox=&#8221;yes&#8221; align=&#8221;left&#8221; float=&#8221;left&#8221;]A pol\u00edcia cumpriu nesta ter\u00e7a-feira, 3 de fevereiro, mandados de busca e apreens\u00e3o na casa de Joaquim Ferreira Carvalho, de 33 anos, que foi preso nessa segunda (2) por suspeita [&hellip;]<\/p>\n","protected":false},"author":1,"featured_media":51717,"comment_status":"open","ping_status":"closed","sticky":false,"template":"","format":"standard","meta":{"amp_status":"","footnotes":""},"categories":[1236],"tags":[32306,32308,32307,421],"class_list":["post-51716","post","type-post","status-publish","format-standard","has-post-thumbnail","hentry","category-norte_de_minas","tag-homem-e-preso-por-estuprar-menina-de-11-anos-em-rio-pardo-de-minas","tag-joaquim-ferreira-carvalho","tag-luiz-claudio-freitas-nascimento","tag-rio-pardo-de-minas"],"_links":{"self":[{"href":"https:\/\/aconteceunovale.com.br\/portal\/index.php?rest_route=\/wp\/v2\/posts\/51716","targetHints":{"allow":["GET"]}}],"collection":[{"href":"https:\/\/aconteceunovale.com.br\/portal\/index.php?rest_route=\/wp\/v2\/posts"}],"about":[{"href":"https:\/\/aconteceunovale.com.br\/portal\/index.php?rest_route=\/wp\/v2\/types\/post"}],"author":[{"embeddable":true,"href":"https:\/\/aconteceunovale.com.br\/portal\/index.php?rest_route=\/wp\/v2\/users\/1"}],"replies":[{"embeddable":true,"href":"https:\/\/aconteceunovale.com.br\/portal\/index.php?rest_route=%2Fwp%2Fv2%2Fcomments&post=51716"}],"version-history":[{"count":0,"href":"https:\/\/aconteceunovale.com.br\/portal\/index.php?rest_route=\/wp\/v2\/posts\/51716\/revisions"}],"wp:featuredmedia":[{"embeddable":true,"href":"https:\/\/aconteceunovale.com.br\/portal\/index.php?rest_route=\/wp\/v2\/media\/51717"}],"wp:attachment":[{"href":"https:\/\/aconteceunovale.com.br\/portal\/index.php?rest_route=%2Fwp%2Fv2%2Fmedia&parent=51716"}],"wp:term":[{"taxonomy":"category","embeddable":true,"href":"https:\/\/aconteceunovale.com.br\/portal\/index.php?rest_route=%2Fwp%2Fv2%2Fcategories&post=51716"},{"taxonomy":"post_tag","embeddable":true,"href":"https:\/\/aconteceunovale.com.br\/portal\/index.php?rest_route=%2Fwp%2Fv2%2Ftags&post=51716"}],"curies":[{"name":"wp","href":"https:\/\/api.w.org\/{rel}","templated":true}]}}