{"id":51705,"date":"2015-02-03T20:22:01","date_gmt":"2015-02-03T23:22:01","guid":{"rendered":"http:\/\/aconteceunovale.com.br\/portal\/?p=51705"},"modified":"2015-02-03T20:22:01","modified_gmt":"2015-02-03T23:22:01","slug":"garoto-de-12-anos-reencontra-equipe-do-corpo-de-bombeiros-que-o-salvou-de-acidente-grave","status":"publish","type":"post","link":"https:\/\/aconteceunovale.com.br\/portal\/?p=51705","title":{"rendered":"Garoto de 12 anos reencontra equipe do Corpo de Bombeiros que o salvou de acidente grave"},"content":{"rendered":"<h4><strong><em>Menino se acidentou enquanto brincava em uma rede, em Prudente de Morais, e foi transportado em estado grave pela Esquadrilha Arcanjo da corpora\u00e7\u00e3o.<\/em><\/strong><\/h4>\n<p>Nesta ter\u00e7a-feira (3), em Belo Horizonte, o Batalh\u00e3o de Opera\u00e7\u00f5es A\u00e9reas do Corpo de Bombeiros Militar de Minas Gerais foi palco de um encontro especial: o garoto de 12 anos, Paulo Ricardo Campos, e a equipe respons\u00e1vel por seu salvamento, em Prudente de Morais, na regi\u00e3o central do estado, em acidente ocorrido no pen\u00faltimo dia de 2014.<\/p>\n<p><img decoding=\"async\" src=\"http:\/\/aconteceunovale.com.br\/portal\/wp-content\/uploads\/2015\/02\/garoto_bombeiros_1.jpg\" alt=\"\" \/><em>Encontro ocorreu no Batalh\u00e3o de Opera\u00e7\u00f5es A\u00e9reas do Corpo de Bombeiros &#8211; Foto: Divulga\u00e7\u00e3o\/CBMMG<\/em><br \/>\n<\/br><\/p>\n<p>Depois de prender o pesco\u00e7o acidentalmente entre as cordas de uma rede, o menino foi transportado em estado grave pelo helic\u00f3ptero Arcanjo 3 para o Hospital Jo\u00e3o XXIII, na capital mineira. Com o apoio e sucesso da a\u00e7\u00e3o dos Bombeiros, o dia 30 de dezembro de 2014 agora pode ser lembrado pela fam\u00edlia Campos como a segunda data de nascimento de Paulo Ricardo.<\/p>\n<p>Agora recuperado, o adolescente, que esteve desacordado e n\u00e3o se lembrava do ocorrido no acidente, fez quest\u00e3o de conhecer a equipe que ajudou em seu salvamento. Acompanhado pelos pais, irm\u00e3os e outros familiares, Paulo entregou aos novos amigos uma carta escrita por ele, contando toda a hist\u00f3ria. \u201cO que eles fizeram por mim eu n\u00e3o posso pagar. S\u00f3 Deus. Passei a admir\u00e1-los ainda mais!\u201d, declarou no reencontro.<\/p>\n<p>O helic\u00f3ptero que salvou o jovem faz parte da Esquadrilha Arcanjo, formada por tr\u00eas helic\u00f3pteros e um avi\u00e3o.  Al\u00e9m de dois modelos Esquilo, o Batalh\u00e3o conta com o refor\u00e7o de um EC-145, o Arcanjo 04, modelo birturbina, capaz de transportar dois pilotos, nove tripulantes e duas v\u00edtimas e ainda possibilita que  o m\u00e9dico e o enfermeiro realizem manobras nos pacientes.<\/p>\n<h4>Resgate<\/h4>\n<p>Devido \u00e0 exist\u00eancia de um conv\u00eanio entre o Corpo de Bombeiros e o Samu-BH, as duas equipes puderam permanecer prontas para o atendimento, reduzindo o tempo de chegada at\u00e9 a ocorr\u00eancia.  Por essa raz\u00e3o, uma completa equipe p\u00f4de atuar no atendimento ao jovem.<\/p>\n<p><img decoding=\"async\" src=\"http:\/\/aconteceunovale.com.br\/portal\/wp-content\/uploads\/2015\/02\/garoto_bombeiros_2.jpg\" alt=\"\" \/><em>O garoto de 12 anos conheceu a equipe respons\u00e1vel por seu salvamento &#8211; Foto: Divulga\u00e7\u00e3o\/CBMMG<\/em><br \/>\n<\/br><\/p>\n<p>A bordo do helic\u00f3ptero na ocasi\u00e3o do acidente estavam os capit\u00e3es Penido e Nelson, comandantes da aeronave, o sargento Freitas, observador a\u00e9reo, o m\u00e9dico Bruno Vergara e o enfermeiro Tiago Silva, do Samu-BH.  Em terra, o suporte foi dado pelo cabo Mois\u00e9s, o subtenente Nascimento e o soldado Marcelo. Segundo o m\u00e9dico Bruno Vergara, o estado de sa\u00fade do garoto era realmente preocupante. \u201cFicamos em d\u00favida se ele teria condi\u00e7\u00f5es de transporte, mas n\u00e3o t\u00ednhamos outra op\u00e7\u00e3o\u201d, conta.<\/p>\n<p>O voo salvador durou apenas 15 minutos, mas tempo precioso para que mais uma vida fosse preservada e o garoto n\u00e3o tivesse sequelas. Em situa\u00e7\u00f5es como essa, como informa o Corpo de Bombeiros, o transporte a\u00e9reo representa uma garantia de vida para a crian\u00e7a.<\/p>\n<p>Assim que pousou no heliponto do Hospital Jo\u00e3o XXIII, o menino foi recebido pela equipe multidisciplinar de atendimento ao trauma, que assumiu o tratamento. Hoje, o garoto est\u00e1 bem e sem sequelas.  \u201cQuero que minha hist\u00f3ria sirva de exemplo pra outras m\u00e3es e crian\u00e7as\u201d, alertou o menino. Paulo Ricardo, inclusive, registrou sua hist\u00f3ria em um caderno que re\u00fane alguns depoimentos de v\u00edtimas que, assim como ele, foram socorridas nos helic\u00f3pteros.<\/p>\n<h4>O acidente<\/h4>\n<p>Paulo brincava em uma rede colocada na varanda quando se acidentou. O irm\u00e3o mais novo pediu socorro ao tio Eduardo C\u00e9sar, que iniciou manobras de reanima\u00e7\u00e3o. Com a chegada de outros parentes, a crian\u00e7a foi levada para o hospital local e, em seguida, para o Samu de Sete Lagoas, a 70 quil\u00f4metros de Belo Horizonte. Foi de l\u00e1 que partiu o acionamento da Esquadrilha Arcanjo.<\/p>\n<p>Felizes com o desfecho da situa\u00e7\u00e3o, os pais de Paulo, os comerciantes Gestal e Vanilda, n\u00e3o tinham palavras para agradecer a equipe do Corpo de Bombeiros. \u201cO carinho, a dedica\u00e7\u00e3o e a preocupa\u00e7\u00e3o da equipe nos acalmaram. N\u00e3o \u00e9 \u00e0 toa que o helic\u00f3ptero se chama Arcanjo, porque dentro dele h\u00e1 verdadeiros anjos\u201d, contou Vanilda. (Ag\u00eancia Minas)<\/p>\n","protected":false},"excerpt":{"rendered":"<p>Menino se acidentou enquanto brincava em uma rede, em Prudente de Morais, e foi transportado em estado grave pela Esquadrilha Arcanjo da corpora\u00e7\u00e3o. Nesta ter\u00e7a-feira (3), em Belo Horizonte, o Batalh\u00e3o de Opera\u00e7\u00f5es A\u00e9reas do Corpo de Bombeiros Militar de Minas Gerais foi palco de um encontro especial: o garoto de 12 anos, Paulo Ricardo [&hellip;]<\/p>\n","protected":false},"author":1,"featured_media":51706,"comment_status":"open","ping_status":"closed","sticky":false,"template":"","format":"standard","meta":{"amp_status":"","footnotes":""},"categories":[123],"tags":[32291,194,20946,1018,32290,32289,32288,32287,32292,8240],"class_list":["post-51705","post","type-post","status-publish","format-standard","has-post-thumbnail","hentry","category-gerais","tag-batalhao-de-operacoes-aereas-do-corpo-de-bombeiros-militar-de-minas-gerais","tag-belo-horizonte","tag-corpo-de-bombeiros","tag-destaque","tag-eduardo-cesar","tag-esquadrilha-arcanjo","tag-garoto-de-12-anos-reencontra-equipe-do-corpo-de-bombeiros","tag-garoto-de-12-anos-reencontra-equipe-do-corpo-de-bombeiros-que-o-salvou-de-acidente-grave","tag-paulo-ricardo-campos","tag-prudente-de-morais"],"_links":{"self":[{"href":"https:\/\/aconteceunovale.com.br\/portal\/index.php?rest_route=\/wp\/v2\/posts\/51705","targetHints":{"allow":["GET"]}}],"collection":[{"href":"https:\/\/aconteceunovale.com.br\/portal\/index.php?rest_route=\/wp\/v2\/posts"}],"about":[{"href":"https:\/\/aconteceunovale.com.br\/portal\/index.php?rest_route=\/wp\/v2\/types\/post"}],"author":[{"embeddable":true,"href":"https:\/\/aconteceunovale.com.br\/portal\/index.php?rest_route=\/wp\/v2\/users\/1"}],"replies":[{"embeddable":true,"href":"https:\/\/aconteceunovale.com.br\/portal\/index.php?rest_route=%2Fwp%2Fv2%2Fcomments&post=51705"}],"version-history":[{"count":0,"href":"https:\/\/aconteceunovale.com.br\/portal\/index.php?rest_route=\/wp\/v2\/posts\/51705\/revisions"}],"wp:featuredmedia":[{"embeddable":true,"href":"https:\/\/aconteceunovale.com.br\/portal\/index.php?rest_route=\/wp\/v2\/media\/51706"}],"wp:attachment":[{"href":"https:\/\/aconteceunovale.com.br\/portal\/index.php?rest_route=%2Fwp%2Fv2%2Fmedia&parent=51705"}],"wp:term":[{"taxonomy":"category","embeddable":true,"href":"https:\/\/aconteceunovale.com.br\/portal\/index.php?rest_route=%2Fwp%2Fv2%2Fcategories&post=51705"},{"taxonomy":"post_tag","embeddable":true,"href":"https:\/\/aconteceunovale.com.br\/portal\/index.php?rest_route=%2Fwp%2Fv2%2Ftags&post=51705"}],"curies":[{"name":"wp","href":"https:\/\/api.w.org\/{rel}","templated":true}]}}