{"id":51698,"date":"2015-02-03T20:16:06","date_gmt":"2015-02-03T23:16:06","guid":{"rendered":"http:\/\/aconteceunovale.com.br\/portal\/?p=51698"},"modified":"2015-02-03T20:16:43","modified_gmt":"2015-02-03T23:16:43","slug":"defesa-civil-divulga-boletins-diarios-sobre-a-seca-em-minas-gerais","status":"publish","type":"post","link":"https:\/\/aconteceunovale.com.br\/portal\/?p=51698","title":{"rendered":"Defesa Civil divulga boletins di\u00e1rios sobre a seca em Minas Gerais"},"content":{"rendered":"<h4><strong><em>Estrat\u00e9gia foi adotada para dar maior transpar\u00eancia \u00e0s informa\u00e7\u00f5es, em fun\u00e7\u00e3o da situa\u00e7\u00e3o de falta de \u00e1gua emergencial no Estado neste come\u00e7o de ano.<\/em><\/strong><\/h4>\n<p>A\u00a0<a href=\"http:\/\/www.defesacivil.mg.gov.br\/\" target=\"_blank\">Coordenadoria Estadual de Defesa Civil (Cedec)<\/a>\u00a0adotou um novo procedimento para a disponibiliza\u00e7\u00e3o de informa\u00e7\u00f5es relacionadas \u00e0 estiagem prolongada pela qual passa Minas Gerais neste in\u00edcio de 2015. Trata-se da retomada de divulga\u00e7\u00e3o, em seus\u00a0<a href=\"http:\/\/www.defesacivil.mg.gov.br\/index.php\/servicos\/boletim-defesa-civil\" target=\"_blank\">Boletins Di\u00e1rios<\/a>, dos dados referentes \u00e0 situa\u00e7\u00e3o de emerg\u00eancia por conta da falta de \u00e1gua nas cidades mineiras.<\/p>\n<p><img decoding=\"async\" src=\"http:\/\/aconteceunovale.com.br\/portal\/wp-content\/uploads\/2015\/02\/defesa-civil-divulga-boletins-diarios-sobre-a-seca_1.jpg\" alt=\"\" \/><em>Relat\u00f3rios podem ser acessados j\u00e1 na p\u00e1gina inicial da Coordenadoria Estadual de Defesa Civil<\/em><br \/>\n<\/br><\/p>\n<p>Nos boletins, o \u00f3rg\u00e3o j\u00e1 apresenta, diariamente, informa\u00e7\u00f5es meteorol\u00f3gicas da capital e das principais regi\u00f5es do Estado, com \u00eanfase para as principais ocorr\u00eancias na \u00e1rea de defesa civil em Minas Gerais e os munic\u00edpios que se encontram em situa\u00e7\u00f5es adversas. Como o quantitativo de chuvas previsto para esta \u00e9poca do ano n\u00e3o se confirmou como tend\u00eancia, a decis\u00e3o estrat\u00e9gica foi a de tornar a incluir tamb\u00e9m os dados relacionados \u00e0 seca e os munic\u00edpios que j\u00e1 decretaram estado de emerg\u00eancia, ampliando o monitoramento.<\/p>\n<p>&#8220;A \u00faltima refer\u00eancia \u00e0 seca, em relat\u00f3rio, havia sido feita no Boletim de 22 de dezembro de 2014&#8221;, destaca o secret\u00e1rio executivo da Cedec, tenente-coronel Ronilson Edelvan Caldeira. &#8220;Como, nesse momento, estamos tendo mais acompanhamentos de seca do que de chuva, houve a decis\u00e3o de disponibilizar todos os dados para acompanhamento&#8221;, explica.<\/p>\n<h4><strong>Invers\u00e3o de ocorr\u00eancias<\/strong><\/h4>\n<p>Minas Gerais fechou o \u00faltimo ano, segundo dados do\u00a0<a href=\"http:\/\/www.defesacivil.mg.gov.br\/attachments\/article\/78\/22%20DE%2022%20DE%20JANEIRO%202015%20-%20OMT.pdf\" target=\"_blank\">Boletim de 22 de dezembro de 2014<\/a>, o \u00faltimo com o registro sobre a seca no ano anterior, com 173 munic\u00edpios com situa\u00e7\u00e3o de emerg\u00eancia decretada em fun\u00e7\u00e3o da estiagem\/seca.<\/p>\n<p>Nestes primeiros dias do ano, em que a quantidade de chuvas costumava ser superior, o que se observa \u00e9 a manuten\u00e7\u00e3o dos decretos de situa\u00e7\u00e3o de emerg\u00eancia por conta da estiagem, com 118 munic\u00edpios afetados, conforme o\u00a0<a href=\"http:\/\/www.defesacivil.mg.gov.br\/attachments\/article\/78\/34%20DE%2003%20DE%20FEVEREIRO%20%202015%20-%20OMT.pdf\" target=\"_blank\">Boletim de 3 de fevereiro de 2015<\/a>, desta ter\u00e7a-feira, o mais atual divulgado pela Cedec.<\/p>\n<p>&#8220;Em 2015, tivemos, at\u00e9 agora, apenas cinco notifica\u00e7\u00f5es de estado emerg\u00eancia em fun\u00e7\u00e3o das chuvas&#8221;, observa o tenente-coronel Ronilson, chamando a aten\u00e7\u00e3o para a invers\u00e3o das ocorr\u00eancias no Estado. No\u00a0<a href=\"http:\/\/www.defesacivil.mg.gov.br\/attachments\/article\/78\/034%20DE%2003FEV14%20-EMS.pdf\" target=\"_blank\">Boletim de 3 de fevereiro de 2014<\/a>, eram 101 os munic\u00edpios que haviam decretado situa\u00e7\u00e3o de emerg\u00eancia e dois os que se encontravam em estado de calamidade p\u00fablica por conta do per\u00edodo chuvoso.<\/p>\n<p><img decoding=\"async\" src=\"http:\/\/aconteceunovale.com.br\/portal\/wp-content\/uploads\/2015\/02\/seca_mg1.jpg\" alt=\"\" \/><img decoding=\"async\" src=\"http:\/\/aconteceunovale.com.br\/portal\/wp-content\/uploads\/2015\/02\/seca_mg2.jpg\" alt=\"\" \/><br \/>\n<\/br><\/p>\n<h4><strong>Transpar\u00eancia e participa\u00e7\u00e3o ativa<\/strong><\/h4>\n<p>Para o enfrentamento da situa\u00e7\u00e3o que envolve a gest\u00e3o de \u00e1gua em Minas Gerais, o secret\u00e1rio executivo da Cedec refor\u00e7a que \u00e9 de extrema import\u00e2ncia a transpar\u00eancia na divulga\u00e7\u00e3o dos dados e o envolvimento de todos nesta for\u00e7a-tarefa.<\/p>\n<p>&#8220;Os dados possibilitam \u00e0s pessoas ter conhecimento do que est\u00e1 acontecendo, a tomada de a\u00e7\u00e3o por parte da popula\u00e7\u00e3o, entre outros fatores&#8221;, aponta. &#8220;Esta \u00e9 a vis\u00e3o atual: disponibilizar todos os dados para que se possa acompanhar e participar do trabalho de divulga\u00e7\u00e3o, conhecimento, de economia. \u00c9 uma a\u00e7\u00e3o que precisa do atendimento de todos, quer seja para a seca, quer seja para as chuvas&#8221;, conclui.<\/p>\n<h4><strong>Enfrentamento da seca<\/strong><\/h4>\n<p>De acordo com a Coordena\u00e7\u00e3o Estadual de Defesa Civil, o \u00f3rg\u00e3o tem atuado de maneira suplementar com rela\u00e7\u00e3o \u00e0 seca, com apoio \u00e0s prefeituras municipais. O trabalho da Defesa Civil ocorre nas seguintes frentes: de forma antecipada, no planejamento e treinamento, com orienta\u00e7\u00f5es e procedimentos para casos de falta de \u00e1gua e aquisi\u00e7\u00e3o de ajuda humanit\u00e1ria; e assessoria t\u00e9cnica para orientar os munic\u00edpios quanto ao registro dos desastres junto ao Minist\u00e9rio da Integra\u00e7\u00e3o Nacional e a consequente obten\u00e7\u00e3o de recursos.<\/p>\n<p>Uma vez superada a capacidade de resposta pelas prefeituras, a Defesa Civil Estadual atua de forma complementar, com o fornecimento de cestas b\u00e1sicas, disponibiliza\u00e7\u00e3o de caminh\u00f5es-pipa, entre outros atributos para atender a popula\u00e7\u00e3o acometida pelos problemas.<\/p>\n<p>Saiba mais sobre o trabalho desenvolvido pela Coordena\u00e7\u00e3o Estadual de Defesa Civil em\u00a0<a href=\"http:\/\/www.defesacivil.mg.gov.br\/\" target=\"_blank\">www.defesacivil.mg.gov.br<\/a>.<\/p>\n","protected":false},"excerpt":{"rendered":"<p>Estrat\u00e9gia foi adotada para dar maior transpar\u00eancia \u00e0s informa\u00e7\u00f5es, em fun\u00e7\u00e3o da situa\u00e7\u00e3o de falta de \u00e1gua emergencial no Estado neste come\u00e7o de ano. A\u00a0Coordenadoria Estadual de Defesa Civil (Cedec)\u00a0adotou um novo procedimento para a disponibiliza\u00e7\u00e3o de informa\u00e7\u00f5es relacionadas \u00e0 estiagem prolongada pela qual passa Minas Gerais neste in\u00edcio de 2015. Trata-se da retomada de [&hellip;]<\/p>\n","protected":false},"author":1,"featured_media":51699,"comment_status":"open","ping_status":"closed","sticky":false,"template":"","format":"standard","meta":{"amp_status":"","footnotes":""},"categories":[123],"tags":[32286,32285,32283,16168,32284,11662],"class_list":["post-51698","post","type-post","status-publish","format-standard","has-post-thumbnail","hentry","category-gerais","tag-cidades-em-situacao-de-emergencia-em-minas-gerais","tag-defesa-civil-divulga-boletins-diarios-sobre-a-seca","tag-defesa-civil-divulga-boletins-diarios-sobre-a-seca-em-minas-gerais","tag-estiagem-em-minas-gerais","tag-relatorios-podem-ser-acessados-ja-na-pagina-inicial-da-coordenadoria-estadual-de-defesa-civil","tag-seca-em-minas-gerais"],"_links":{"self":[{"href":"https:\/\/aconteceunovale.com.br\/portal\/index.php?rest_route=\/wp\/v2\/posts\/51698","targetHints":{"allow":["GET"]}}],"collection":[{"href":"https:\/\/aconteceunovale.com.br\/portal\/index.php?rest_route=\/wp\/v2\/posts"}],"about":[{"href":"https:\/\/aconteceunovale.com.br\/portal\/index.php?rest_route=\/wp\/v2\/types\/post"}],"author":[{"embeddable":true,"href":"https:\/\/aconteceunovale.com.br\/portal\/index.php?rest_route=\/wp\/v2\/users\/1"}],"replies":[{"embeddable":true,"href":"https:\/\/aconteceunovale.com.br\/portal\/index.php?rest_route=%2Fwp%2Fv2%2Fcomments&post=51698"}],"version-history":[{"count":0,"href":"https:\/\/aconteceunovale.com.br\/portal\/index.php?rest_route=\/wp\/v2\/posts\/51698\/revisions"}],"wp:featuredmedia":[{"embeddable":true,"href":"https:\/\/aconteceunovale.com.br\/portal\/index.php?rest_route=\/wp\/v2\/media\/51699"}],"wp:attachment":[{"href":"https:\/\/aconteceunovale.com.br\/portal\/index.php?rest_route=%2Fwp%2Fv2%2Fmedia&parent=51698"}],"wp:term":[{"taxonomy":"category","embeddable":true,"href":"https:\/\/aconteceunovale.com.br\/portal\/index.php?rest_route=%2Fwp%2Fv2%2Fcategories&post=51698"},{"taxonomy":"post_tag","embeddable":true,"href":"https:\/\/aconteceunovale.com.br\/portal\/index.php?rest_route=%2Fwp%2Fv2%2Ftags&post=51698"}],"curies":[{"name":"wp","href":"https:\/\/api.w.org\/{rel}","templated":true}]}}