{"id":51669,"date":"2015-02-03T10:59:18","date_gmt":"2015-02-03T13:59:18","guid":{"rendered":"http:\/\/aconteceunovale.com.br\/portal\/?p=51669"},"modified":"2015-02-03T10:59:18","modified_gmt":"2015-02-03T13:59:18","slug":"cratera-deixa-transito-parcialmente-interditado-na-br-040-em-minas-gerais","status":"publish","type":"post","link":"https:\/\/aconteceunovale.com.br\/portal\/?p=51669","title":{"rendered":"Cratera deixa tr\u00e2nsito parcialmente interditado na BR-040 em Minas Gerais"},"content":{"rendered":"<h4><strong><em>O desabamento de parte da rodovia causou a interdi\u00e7\u00e3o. Engenheiros da Via 040 est\u00e3o no local.<\/em><\/strong><\/h4>\n<p>O tr\u00e2nsito est\u00e1 parcialmente interditado na BR-040, na altura do KM 683, em Ressaquinha, na regi\u00e3o Central de Minas, por causa de um desmoronamento de parte da pista que cedeu na madrugada desta ter\u00e7a-feira (3). De acordo com a Pol\u00edcia Rodovi\u00e1ria Federal (PRF), choveu durante a madrugada na regi\u00e3o. O tr\u00e2nsito flui tranquilo na rodovia, apesar da interdi\u00e7\u00e3o. <\/p>\n<p>Uma obra para a instala\u00e7\u00e3o de tubul\u00f5es estava sendo feita no local para escoar a \u00e1gua da rodovia. Segundo a PRF, a chuva pode ter atrapalhado a obra e aberto a cratera. Na manh\u00e3 desta ter\u00e7a, engenheiros da concession\u00e1ria Invepar Via 040 que administra a rodovia est\u00e3o no local para avaliar os danos.<\/p>\n<p><img decoding=\"async\" src=\"http:\/\/aconteceunovale.com.br\/portal\/wp-content\/uploads\/2015\/02\/cratera_040_ressaquinha.jpg\" alt=\"\" \/><em>Parte da pista desmoronou e a cratera foi aberta &#8211; Foto: Divulga\u00e7\u00e3o \/ Pol\u00edcia Rodovi\u00e1ria Federal<\/em><br \/>\n<\/br><\/p>\n<p><strong><em>(O Tempo)<\/em><\/strong><\/p>\n","protected":false},"excerpt":{"rendered":"<p>O desabamento de parte da rodovia causou a interdi\u00e7\u00e3o. Engenheiros da Via 040 est\u00e3o no local. O tr\u00e2nsito est\u00e1 parcialmente interditado na BR-040, na altura do KM 683, em Ressaquinha, na regi\u00e3o Central de Minas, por causa de um desmoronamento de parte da pista que cedeu na madrugada desta ter\u00e7a-feira (3). De acordo com a [&hellip;]<\/p>\n","protected":false},"author":1,"featured_media":51670,"comment_status":"open","ping_status":"closed","sticky":false,"template":"","format":"standard","meta":{"amp_status":"","footnotes":""},"categories":[123],"tags":[32249,32250,32253,32252,32251,19968],"class_list":["post-51669","post","type-post","status-publish","format-standard","has-post-thumbnail","hentry","category-gerais","tag-cratera-deixa-transito-parcialmente-interditado-na-br-040-em-minas-gerais","tag-cratera-deixa-transito-parcialmente-interditado-na-br-040-em-ressaquinha","tag-cratera-em-ressaquinha","tag-cratera-na-br-040","tag-interdicao-da-br-040","tag-ressaquinha"],"_links":{"self":[{"href":"https:\/\/aconteceunovale.com.br\/portal\/index.php?rest_route=\/wp\/v2\/posts\/51669","targetHints":{"allow":["GET"]}}],"collection":[{"href":"https:\/\/aconteceunovale.com.br\/portal\/index.php?rest_route=\/wp\/v2\/posts"}],"about":[{"href":"https:\/\/aconteceunovale.com.br\/portal\/index.php?rest_route=\/wp\/v2\/types\/post"}],"author":[{"embeddable":true,"href":"https:\/\/aconteceunovale.com.br\/portal\/index.php?rest_route=\/wp\/v2\/users\/1"}],"replies":[{"embeddable":true,"href":"https:\/\/aconteceunovale.com.br\/portal\/index.php?rest_route=%2Fwp%2Fv2%2Fcomments&post=51669"}],"version-history":[{"count":0,"href":"https:\/\/aconteceunovale.com.br\/portal\/index.php?rest_route=\/wp\/v2\/posts\/51669\/revisions"}],"wp:featuredmedia":[{"embeddable":true,"href":"https:\/\/aconteceunovale.com.br\/portal\/index.php?rest_route=\/wp\/v2\/media\/51670"}],"wp:attachment":[{"href":"https:\/\/aconteceunovale.com.br\/portal\/index.php?rest_route=%2Fwp%2Fv2%2Fmedia&parent=51669"}],"wp:term":[{"taxonomy":"category","embeddable":true,"href":"https:\/\/aconteceunovale.com.br\/portal\/index.php?rest_route=%2Fwp%2Fv2%2Fcategories&post=51669"},{"taxonomy":"post_tag","embeddable":true,"href":"https:\/\/aconteceunovale.com.br\/portal\/index.php?rest_route=%2Fwp%2Fv2%2Ftags&post=51669"}],"curies":[{"name":"wp","href":"https:\/\/api.w.org\/{rel}","templated":true}]}}