{"id":51665,"date":"2015-02-03T10:53:31","date_gmt":"2015-02-03T13:53:31","guid":{"rendered":"http:\/\/aconteceunovale.com.br\/portal\/?p=51665"},"modified":"2015-02-03T10:53:31","modified_gmt":"2015-02-03T13:53:31","slug":"jovens-sao-mais-expostos-a-violencia-em-governador-valadares","status":"publish","type":"post","link":"https:\/\/aconteceunovale.com.br\/portal\/?p=51665","title":{"rendered":"Jovens s\u00e3o mais expostos \u00e0 viol\u00eancia em Governador Valadares"},"content":{"rendered":"<h4><strong><em>Taxa de mortes entre adolescentes na cidade \u00e9 o dobro da de Minas Gerais e do pa\u00eds.<\/em><\/strong><\/h4>\n<p>Governador Valadares, no Vale do Rio Doce, caiu da 3\u00aa para a 11\u00aa posi\u00e7\u00e3o no \u00cdndice de Homic\u00eddios na Adolesc\u00eancia (IHA), que aponta as cidades brasileiras com ambiente de maior risco de vida a jovens de 12 a 18 anos. A taxa de 7,35 mortes para cada grupo de mil pessoas desta faixa et\u00e1ria \u00e9 mais que o dobro da de Minas Gerais (3,52) e do pa\u00eds (3,32). Especialistas cobram resultado das pol\u00edticas de preven\u00e7\u00e3o e prote\u00e7\u00e3o.<\/p>\n<p>Para o soci\u00f3logo Dirley Henriques, as causas do fen\u00f4meno da viol\u00eancia podem ser diversas, mas cada regi\u00e3o tem um hist\u00f3rico. Em Valadares, est\u00e1 enraizada. \u201cEm nosso munic\u00edpio, a viol\u00eancia do processo de ocupa\u00e7\u00e3o e o conflito e o confronto de diversos interesses que aqui convergiram ainda est\u00e3o presentes. Somam-se a esse processo uma cidade com poucas oportunidades, empregos de baixa remunera\u00e7\u00e3o e o tr\u00e1fico de drogas\u201d, enfatiza. A solu\u00e7\u00e3o, segundo ele, est\u00e1 em um processo de desenvolvimento social amplo, na manuten\u00e7\u00e3o das pol\u00edticas de desenvolvimento e combate a viol\u00eancia de modo permanente, evitando as a\u00e7\u00f5es pontuais apenas pr\u00f3ximo \u00e0s elei\u00e7\u00f5es.<\/p>\n<p>\u201cQuando se observa a evolu\u00e7\u00e3o dos dados do \u00edndice, verifica-se que Valadares melhorou entre os anos de 2005 e 2009, baixando de 6,88 (mortes por grupo de mil) para 3,04. Nos anos seguintes a 2009, o \u00edndice subiu rapidamente, saltando de 3,04 para 7,32 em 2012\u201d, explica.<\/p>\n<p>Para frear a viol\u00eancia entre os jovens, a cidade tem alguns programas. O secret\u00e1rio municipal de Educa\u00e7\u00e3o, Jaider Batista, destaca a Escola em Tempo Integral, implantada em toda a rede p\u00fablica, a partir de 2010. Tamb\u00e9m foi implantado o Pro Jovem Urbano, que garante aos jovens de 18 a 29 anos a chance de concluir o ensino fundamental. \u201c\u00c9 importante considerar que o IHA publicado \u00e9 de 2012. Portanto, com uma defasagem de dois anos\u201d, pondera.<\/p>\n<p>De acordo com a divis\u00e3o de homic\u00eddios em Valadares, 18 jovens com idade entre 12 e 17 anos foram assassinados em 2014, quatro a mais que em 2013, que fechou o ano com 14.<\/p>\n<p><img decoding=\"async\" src=\"http:\/\/aconteceunovale.com.br\/portal\/wp-content\/uploads\/2015\/02\/morte_adolescentes_gv.jpg\" alt=\"\" \/><em>Taxa de mortes entre adolescentes na cidade \u00e9 o dobro da de Minas &#8211; Foto: Leonardo Morais\/Hoje em Dia<\/em><br \/>\n<\/br><\/p>\n<p><strong><em>(Fonte: Jornal Hoje em Dia)<\/em><\/strong><\/p>\n","protected":false},"excerpt":{"rendered":"<p>Taxa de mortes entre adolescentes na cidade \u00e9 o dobro da de Minas Gerais e do pa\u00eds. Governador Valadares, no Vale do Rio Doce, caiu da 3\u00aa para a 11\u00aa posi\u00e7\u00e3o no \u00cdndice de Homic\u00eddios na Adolesc\u00eancia (IHA), que aponta as cidades brasileiras com ambiente de maior risco de vida a jovens de 12 a [&hellip;]<\/p>\n","protected":false},"author":1,"featured_media":51666,"comment_status":"open","ping_status":"closed","sticky":false,"template":"","format":"standard","meta":{"amp_status":"","footnotes":""},"categories":[121],"tags":[32244,32245,32247,247,32243,31579,32246,32248],"class_list":["post-51665","post","type-post","status-publish","format-standard","has-post-thumbnail","hentry","category-leste","tag-cidades-brasileiras-com-ambiente-de-maior-risco-de-vida-a-jovens-de-12-a-18-anos","tag-dirley-henriques","tag-escola-em-tempo-integral","tag-governador-valadares","tag-iha","tag-indice-de-homicidios-na-adolescencia","tag-jaider-batista","tag-jovens-sao-mais-expostos-a-violencia-em-governador-valadares"],"_links":{"self":[{"href":"https:\/\/aconteceunovale.com.br\/portal\/index.php?rest_route=\/wp\/v2\/posts\/51665","targetHints":{"allow":["GET"]}}],"collection":[{"href":"https:\/\/aconteceunovale.com.br\/portal\/index.php?rest_route=\/wp\/v2\/posts"}],"about":[{"href":"https:\/\/aconteceunovale.com.br\/portal\/index.php?rest_route=\/wp\/v2\/types\/post"}],"author":[{"embeddable":true,"href":"https:\/\/aconteceunovale.com.br\/portal\/index.php?rest_route=\/wp\/v2\/users\/1"}],"replies":[{"embeddable":true,"href":"https:\/\/aconteceunovale.com.br\/portal\/index.php?rest_route=%2Fwp%2Fv2%2Fcomments&post=51665"}],"version-history":[{"count":0,"href":"https:\/\/aconteceunovale.com.br\/portal\/index.php?rest_route=\/wp\/v2\/posts\/51665\/revisions"}],"wp:featuredmedia":[{"embeddable":true,"href":"https:\/\/aconteceunovale.com.br\/portal\/index.php?rest_route=\/wp\/v2\/media\/51666"}],"wp:attachment":[{"href":"https:\/\/aconteceunovale.com.br\/portal\/index.php?rest_route=%2Fwp%2Fv2%2Fmedia&parent=51665"}],"wp:term":[{"taxonomy":"category","embeddable":true,"href":"https:\/\/aconteceunovale.com.br\/portal\/index.php?rest_route=%2Fwp%2Fv2%2Fcategories&post=51665"},{"taxonomy":"post_tag","embeddable":true,"href":"https:\/\/aconteceunovale.com.br\/portal\/index.php?rest_route=%2Fwp%2Fv2%2Ftags&post=51665"}],"curies":[{"name":"wp","href":"https:\/\/api.w.org\/{rel}","templated":true}]}}