{"id":51663,"date":"2015-02-03T10:25:55","date_gmt":"2015-02-03T13:25:55","guid":{"rendered":"http:\/\/aconteceunovale.com.br\/portal\/?p=51663"},"modified":"2015-02-03T10:25:55","modified_gmt":"2015-02-03T13:25:55","slug":"prazo-para-matricula-dos-aprovados-na-chamada-regular-do-sisu-termina-nesta-terca","status":"publish","type":"post","link":"https:\/\/aconteceunovale.com.br\/portal\/?p=51663","title":{"rendered":"Prazo para matr\u00edcula dos aprovados na chamada regular do Sisu termina nesta ter\u00e7a"},"content":{"rendered":"<h4><strong><em>Em Minas Gerais, o Sisu conta com 24.900 vagas, em 754 cursos de 18 institui\u00e7\u00f5es p\u00fablicas de ensino superior<\/em><\/strong><\/h4>\n<p>Termina nesta ter\u00e7a-feira (3), o per\u00edodo de matr\u00edcula para os aprovados na chamada regular do Sistema de Sele\u00e7\u00e3o Unificada (Sisu), do Minist\u00e9rio da Educa\u00e7\u00e3o. Mais de 2,7 milh\u00f5es de candidatos se inscreveram nesta edi\u00e7\u00e3o que disponibilizou vagas em 5.631 cursos de 128 institui\u00e7\u00f5es p\u00fablicas de ensino superior. Minas Gerais foi o estado com o maior n\u00famero de inscritos, com 327.601. Em seguida, S\u00e3o Paulo, com 306.956 e Rio de Janeiro, com 249.252 inscritos. Em Minas, o Sisu conta com 24.900 vagas, em 754 cursos de 18 institui\u00e7\u00f5es p\u00fablicas de ensino superior.<\/p>\n<p>O candidato classificado dever\u00e1 levar os documentos exigidos para a matr\u00edcula por cada institui\u00e7\u00e3o. Quem n\u00e3o foi classificado para a primeira chamada pode se inscrever na lista de espera no site do Sisu e concorrer \u00e0s vagas do curso que colocou como primeira op\u00e7\u00e3o que n\u00e3o tiverem sido preenchidas. Para participar da lista de espera o candidato deve acessar o boletim at\u00e9 \u00e0s 23h59 do dia 6 de fevereiro. A partir de 11 de fevereiro as institui\u00e7\u00f5es de ensino superior v\u00e3o realizar novas chamadas para preencher as vagas.<\/p>\n<h4>Edi\u00e7\u00e3o 2015<\/h4>\n<p>De acordo com o Minist\u00e9rio da Educa\u00e7\u00e3o, do total de inscritos nesta edi\u00e7\u00e3o do Sisu, 53% (1.475.217 inscritos) t\u00eam idade entre 18 e 24 anos. Somente na faixa et\u00e1ria de 18 a 20 anos foram registrados 35% dos candidatos inscritos (985.941). As mulheres foram a maioria dos inscritos, 57%. (Ag\u00eancia Minas)<\/p>\n","protected":false},"excerpt":{"rendered":"<p>Em Minas Gerais, o Sisu conta com 24.900 vagas, em 754 cursos de 18 institui\u00e7\u00f5es p\u00fablicas de ensino superior Termina nesta ter\u00e7a-feira (3), o per\u00edodo de matr\u00edcula para os aprovados na chamada regular do Sistema de Sele\u00e7\u00e3o Unificada (Sisu), do Minist\u00e9rio da Educa\u00e7\u00e3o. Mais de 2,7 milh\u00f5es de candidatos se inscreveram nesta edi\u00e7\u00e3o que disponibilizou [&hellip;]<\/p>\n","protected":false},"author":1,"featured_media":30725,"comment_status":"open","ping_status":"closed","sticky":false,"template":"","format":"standard","meta":{"amp_status":"","footnotes":""},"categories":[6],"tags":[32242,32241,32240,28880,2323,30555],"class_list":["post-51663","post","type-post","status-publish","format-standard","has-post-thumbnail","hentry","category-br","tag-fazer-matricula-no-sisu","tag-matricula-no-sisu","tag-prazo-para-matricula-dos-aprovados-na-chamada-regular-do-sisu-termina-nesta-terca","tag-sistema-de-selecao-unificada","tag-sisu","tag-sisu-2015"],"_links":{"self":[{"href":"https:\/\/aconteceunovale.com.br\/portal\/index.php?rest_route=\/wp\/v2\/posts\/51663","targetHints":{"allow":["GET"]}}],"collection":[{"href":"https:\/\/aconteceunovale.com.br\/portal\/index.php?rest_route=\/wp\/v2\/posts"}],"about":[{"href":"https:\/\/aconteceunovale.com.br\/portal\/index.php?rest_route=\/wp\/v2\/types\/post"}],"author":[{"embeddable":true,"href":"https:\/\/aconteceunovale.com.br\/portal\/index.php?rest_route=\/wp\/v2\/users\/1"}],"replies":[{"embeddable":true,"href":"https:\/\/aconteceunovale.com.br\/portal\/index.php?rest_route=%2Fwp%2Fv2%2Fcomments&post=51663"}],"version-history":[{"count":0,"href":"https:\/\/aconteceunovale.com.br\/portal\/index.php?rest_route=\/wp\/v2\/posts\/51663\/revisions"}],"wp:featuredmedia":[{"embeddable":true,"href":"https:\/\/aconteceunovale.com.br\/portal\/index.php?rest_route=\/wp\/v2\/media\/30725"}],"wp:attachment":[{"href":"https:\/\/aconteceunovale.com.br\/portal\/index.php?rest_route=%2Fwp%2Fv2%2Fmedia&parent=51663"}],"wp:term":[{"taxonomy":"category","embeddable":true,"href":"https:\/\/aconteceunovale.com.br\/portal\/index.php?rest_route=%2Fwp%2Fv2%2Fcategories&post=51663"},{"taxonomy":"post_tag","embeddable":true,"href":"https:\/\/aconteceunovale.com.br\/portal\/index.php?rest_route=%2Fwp%2Fv2%2Ftags&post=51663"}],"curies":[{"name":"wp","href":"https:\/\/api.w.org\/{rel}","templated":true}]}}